

	{"id":91,"date":"2011-11-03T05:21:00","date_gmt":"2011-11-03T05:21:00","guid":{"rendered":"https:\/\/www.cstuit.com\/home\/index.php\/2011\/11\/03\/arquivoid-9126\/"},"modified":"2011-11-03T05:21:00","modified_gmt":"2011-11-03T05:21:00","slug":"arquivoid-9126","status":"publish","type":"post","link":"https:\/\/www.cstuit.com\/home\/2011\/11\/03\/arquivoid-9126\/","title":{"rendered":"Panam\u00e1: Trabalhadores da previd\u00eancia se somam \u00e0 greve dos m\u00e9dicos"},"content":{"rendered":"<p>COMUNICADO DA ASOCIAC\u00c3O DE EMPREGADOS DE LA CAJA DE SEGURO SOCIAL | Asociaci\u00f3n Empleados Caja Seguro Social \/ Traduzido por Thiago Peixoto<\/p>\n<p>Abaixo ao projeto privatizador 349!<br \/>\nS\u00f3 o povo salva o povo!<br \/>\nSem luta n\u00e3o h\u00e1 vit\u00f3ria!<\/p>\n<p><b>COMUNICADO DA ASOCIAC\u00c3O DE EMPREGADOS DE LA CAJA DE SEGURO SOCIAL&#8232;&#8232;<\/b><\/p>\n<p>Na foto: Priscila V\u00e1zquez, secretaria geral da Asociaci\u00f3n de Empleados del Seguro Social&#8232;&#8232;<\/p>\n<p>A AECSS informa a seus filiados e filiadas, assim como aos trabalhadores e trabalhadoras da sa\u00fade e administrativos da previd\u00eancia social, a partir da forma como os deputados da Assembleia Legislativa t\u00eam ignorado o clamor do povo em rep\u00fadio ao anteprojeto de lei 349 que em resumo tem a inten\u00e7\u00e3o de privatizar o pa\u00eds.&#8232;<\/p>\n<p>Em virtude disso, a AECSS, depois da realiza\u00e7\u00e3o das assembleias, se incorpora \u00e0 greve dos trabalhadores da sa\u00fade desde o dia de hoje, iniciando na Policl\u00ednica JJ Vallarino de Juan D\u00edaz, entre outros.&#8232;<\/p>\n<p>Chamamos os companheiros e companheiras para que, uma vez realizada as assembleias, votemos a incorpora\u00e7\u00e3o \u00e0 greve.&#8232;\u00c9 nosso foco a unidade com todos os sindicatos na luta, por isso orientamos para que nos integremos aos comit\u00eas de greve nos diferentes locais de trabalho.&#8232;<\/p>\n<p>Nossos pontos de luta se resumem ao seguinte:&#8232;<\/p>\n<p>\u2022\tRetirada do anteprojeto de lei 349 e qualquer outro que pretenda  privatizar o pa\u00eds.&#8232;<br \/>\n\u2022\tA unidade de todos os setores em luta .&#8232;<br \/>\n\u2022\tA reintegra\u00e7\u00e3o de todos os companheiros e companheiras dirigentes demitidos(as) \/ administrativos e da sa\u00fade.&#8232;<br \/>\n\u2022\tExigimos o exerc\u00edcio da liberdade sindical sem restri\u00e7\u00f5es e condicionantes.&#8232;<\/p>\n<p>Viva a unidade dos trabalhadores e trabalhadoras.<\/p>\n<p>Panam\u00e1, 01 de novembro de 2011.&#8232;&#8232;<\/p>\n","protected":false},"excerpt":{"rendered":"<p>COMUNICADO DA ASOCIAC\u00c3O DE EMPREGADOS DE LA CAJA DE SEGURO SOCIAL | Asociaci\u00f3n Empleados Caja Seguro Social \/ Traduzido por Thiago Peixoto Abaixo ao projeto privatizador 349! S\u00f3 o povo salva o povo! Sem luta n\u00e3o h\u00e1 vit\u00f3ria! COMUNICADO DA ASOCIAC\u00c3O DE EMPREGADOS DE LA<\/p>\n","protected":false},"author":1,"featured_media":0,"comment_status":"closed","ping_status":"open","sticky":false,"template":"","format":"standard","meta":{"footnotes":""},"categories":[2],"tags":[],"class_list":["post-91","post","type-post","status-publish","format-standard","hentry","category-arquivo"],"_links":{"self":[{"href":"https:\/\/www.cstuit.com\/home\/wp-json\/wp\/v2\/posts\/91","targetHints":{"allow":["GET"]}}],"collection":[{"href":"https:\/\/www.cstuit.com\/home\/wp-json\/wp\/v2\/posts"}],"about":[{"href":"https:\/\/www.cstuit.com\/home\/wp-json\/wp\/v2\/types\/post"}],"author":[{"embeddable":true,"href":"https:\/\/www.cstuit.com\/home\/wp-json\/wp\/v2\/users\/1"}],"replies":[{"embeddable":true,"href":"https:\/\/www.cstuit.com\/home\/wp-json\/wp\/v2\/comments?post=91"}],"version-history":[{"count":0,"href":"https:\/\/www.cstuit.com\/home\/wp-json\/wp\/v2\/posts\/91\/revisions"}],"wp:attachment":[{"href":"https:\/\/www.cstuit.com\/home\/wp-json\/wp\/v2\/media?parent=91"}],"wp:term":[{"taxonomy":"category","embeddable":true,"href":"https:\/\/www.cstuit.com\/home\/wp-json\/wp\/v2\/categories?post=91"},{"taxonomy":"post_tag","embeddable":true,"href":"https:\/\/www.cstuit.com\/home\/wp-json\/wp\/v2\/tags?post=91"}],"curies":[{"name":"wp","href":"https:\/\/api.w.org\/{rel}","templated":true}]}}