

	{"id":9113,"date":"2022-02-08T19:52:05","date_gmt":"2022-02-08T19:52:05","guid":{"rendered":"https:\/\/www.cstuit.com\/home\/?p=9113"},"modified":"2022-02-08T19:52:05","modified_gmt":"2022-02-08T19:52:05","slug":"garis-apas-e-vigias-da-comlurb-chegou-a-hora-de-lutar-por-aumento-de-salario-condicoes-de-trabalho-e-nossos-direitos","status":"publish","type":"post","link":"https:\/\/www.cstuit.com\/home\/2022\/02\/08\/garis-apas-e-vigias-da-comlurb-chegou-a-hora-de-lutar-por-aumento-de-salario-condicoes-de-trabalho-e-nossos-direitos\/","title":{"rendered":"Garis, APAs e vigias da COMLURB:  Chegou a hora de lutar por aumento de sal\u00e1rio, condi\u00e7\u00f5es de trabalho e nossos direitos"},"content":{"rendered":"<p>&nbsp;<\/p>\n<p><strong>Denis Mello e Bruno da Rosa<\/strong><\/p>\n<p>O ano de 2022 come\u00e7ou com um surto de Covid-19 entre os garis do Rio de Janeiro. Segundo as informa\u00e7\u00f5es da imprensa, quase 10% de todos os garis estavam afastado por Covid. Mas esses n\u00fameros est\u00e3o muito abaixo da realidade: as ger\u00eancias est\u00e3o esvaziadas e a categoria est\u00e1 adoecendo, seja pelo coronav\u00edrus ou pelas p\u00e9ssimas condi\u00e7\u00f5es de trabalho e ass\u00e9dio moral.<\/p>\n<p>Somado a isso, vamos para tr\u00eas anos sem reajuste no sal\u00e1rio e quatro anos com o ticket congelado. Nosso sal\u00e1rio est\u00e1 cerca de 20% abaixo da infla\u00e7\u00e3o, enquanto os alimentos, o g\u00e1s, a energia, tudo aumenta.<\/p>\n<p>Vamos come\u00e7ar a discuss\u00e3o da campanha salarial de 2022 e este \u00e9 o momento de unificar a categoria para lutar por aumento, em defesa de um plano de sa\u00fade que atenda a categoria e pela imediata reintegra\u00e7\u00e3o dos companheiros Bruno da Rosa e Andr\u00e9 Balbina, demitidos por lutarem contra a mudan\u00e7a do plano.<\/p>\n<p>H\u00e1 muita indigna\u00e7\u00e3o entre a categoria, e com raz\u00e3o: as nossas condi\u00e7\u00f5es de trabalho nunca estiveram t\u00e3o ruins quanto agora; a coleta de lixo voltou a separar lixo para vender para a reciclagem, como forma de complementar a renda.<\/p>\n<p>Mas \u00e9 preciso sair da indigna\u00e7\u00e3o para a a\u00e7\u00e3o. N\u00e3o podemos esperar nada da Prefeitura do Eduardo Paes, que \u00e9 um inimigo da categoria. Tamb\u00e9m n\u00e3o podemos deixar nas m\u00e3os do sindicato essa luta que \u00e9 nossa e para as nossas fam\u00edlias.<\/p>\n<p>A \u00fanica forma de melhorar essa situa\u00e7\u00e3o \u00e9 unificando nossa categoria. Participar das assembleias e reuni\u00f5es da Oposi\u00e7\u00e3o, para organizar os passos da luta, conversar nas ger\u00eancias sobre as pautas mais importantes e sair junto para a guerra. A reuni\u00e3o em cada local de trabalho \u00e9 muito importante para colocar os companheiros no caminho da mobiliza\u00e7\u00e3o.<\/p>\n<p>N\u00e3o h\u00e1 mais desculpas da Prefeitura para dizer que n\u00e3o pode dar aumento. Nos \u00faltimos dois anos, a COMLURB economizou mais de R$ 150 milh\u00f5es. Esse dinheiro foi tirado da Companhia, em vez de ser investido em nosso sal\u00e1rio e nas condi\u00e7\u00f5es de trabalho.<\/p>\n<p>Existe dinheiro e nada pro\u00edbe que nosso aumento seja concedido. Chegou a hora de sair \u00e0 luta!<\/p>\n<p><strong>Os companheiros demitidos precisam da solidariedade da categoria<\/strong><\/p>\n<p>Bruno da Rosa e Andr\u00e9 Balbina foram demitidos injustamente. Estamos em meio a uma campanha importante pela reintegra\u00e7\u00e3o e vamos brigar em todos os lugares que sejam necess\u00e1rios para reverter essas demiss\u00f5es.<\/p>\n<p>Mas, enquanto n\u00e3o conseguimos a reintegra\u00e7\u00e3o, \u00e9 fundamental contar com a solidariedade na categoria para os companheiros n\u00e3o ficarem sem renda para sustentar suas fam\u00edlias.<\/p>\n<p>Durante esses meses, o apoio financeiro em cada ger\u00eancia e com as transfer\u00eancias foi importante para que Bruno e Andr\u00e9 continuassem recebendo como se estivessem trabalhando, nem mais e nem menos.<\/p>\n<p>Pedimos novamente a ajuda da categoria, porque essa \u00e9 uma luta de todas e todos n\u00f3s!<\/p>\n","protected":false},"excerpt":{"rendered":"<p>&nbsp; Denis Mello e Bruno da Rosa O ano de 2022 come\u00e7ou com um surto de Covid-19 entre os garis do Rio de Janeiro. Segundo as informa\u00e7\u00f5es da imprensa, quase 10% de todos os garis estavam afastado por Covid. Mas esses n\u00fameros est\u00e3o muito abaixo<\/p>\n","protected":false},"author":2,"featured_media":9114,"comment_status":"open","ping_status":"open","sticky":false,"template":"","format":"standard","meta":{"footnotes":""},"categories":[17],"tags":[],"class_list":["post-9113","post","type-post","status-publish","format-standard","has-post-thumbnail","hentry","category-sindical"],"_links":{"self":[{"href":"https:\/\/www.cstuit.com\/home\/wp-json\/wp\/v2\/posts\/9113","targetHints":{"allow":["GET"]}}],"collection":[{"href":"https:\/\/www.cstuit.com\/home\/wp-json\/wp\/v2\/posts"}],"about":[{"href":"https:\/\/www.cstuit.com\/home\/wp-json\/wp\/v2\/types\/post"}],"author":[{"embeddable":true,"href":"https:\/\/www.cstuit.com\/home\/wp-json\/wp\/v2\/users\/2"}],"replies":[{"embeddable":true,"href":"https:\/\/www.cstuit.com\/home\/wp-json\/wp\/v2\/comments?post=9113"}],"version-history":[{"count":0,"href":"https:\/\/www.cstuit.com\/home\/wp-json\/wp\/v2\/posts\/9113\/revisions"}],"wp:featuredmedia":[{"embeddable":true,"href":"https:\/\/www.cstuit.com\/home\/wp-json\/wp\/v2\/media\/9114"}],"wp:attachment":[{"href":"https:\/\/www.cstuit.com\/home\/wp-json\/wp\/v2\/media?parent=9113"}],"wp:term":[{"taxonomy":"category","embeddable":true,"href":"https:\/\/www.cstuit.com\/home\/wp-json\/wp\/v2\/categories?post=9113"},{"taxonomy":"post_tag","embeddable":true,"href":"https:\/\/www.cstuit.com\/home\/wp-json\/wp\/v2\/tags?post=9113"}],"curies":[{"name":"wp","href":"https:\/\/api.w.org\/{rel}","templated":true}]}}