

	{"id":9121,"date":"2022-02-09T12:08:45","date_gmt":"2022-02-09T12:08:45","guid":{"rendered":"https:\/\/www.cstuit.com\/home\/?p=9121"},"modified":"2022-02-09T12:08:45","modified_gmt":"2022-02-09T12:08:45","slug":"vem-pra-assembleia-do-povo-na-rua-dia-11-fevereiro","status":"publish","type":"post","link":"https:\/\/www.cstuit.com\/home\/2022\/02\/09\/vem-pra-assembleia-do-povo-na-rua-dia-11-fevereiro\/","title":{"rendered":"Vem pra assembleia do Povo na Rua! Dia 11 fevereiro"},"content":{"rendered":"<div class=\"kvgmc6g5 cxmmr5t8 oygrvhab hcukyx3x c1et5uql ii04i59q\">\n<div dir=\"auto\">Vamos reconstruir as manifesta\u00e7\u00f5es pelo Fora Bolsonaro!<\/div>\n<\/div>\n<div class=\"cxmmr5t8 oygrvhab hcukyx3x c1et5uql o9v6fnle ii04i59q\">\n<div dir=\"auto\"><\/div>\n<\/div>\n<div class=\"cxmmr5t8 oygrvhab hcukyx3x c1et5uql o9v6fnle ii04i59q\">\n<div dir=\"auto\">No ano de 2021, n\u00f3s constru\u00edmos grandiosas mobiliza\u00e7\u00f5es de rua! Elas foram fundamentais para expressar ativamente o amplo sentimento de indigna\u00e7\u00e3o contra o governo Bolsonaro\/Mour\u00e3o e expulsar os fascistas das ruas. Enfrentamos o autoritarismo da extrema direita, os ataques dos governadores da velha direita e pressionamos pelo avan\u00e7o da vacina\u00e7\u00e3o em todo pa\u00eds.<\/div>\n<\/div>\n<div class=\"cxmmr5t8 oygrvhab hcukyx3x c1et5uql o9v6fnle ii04i59q\">\n<div dir=\"auto\">O Brasil segue imerso numa grave crise econ\u00f4mica, social, sanit\u00e1ria, ambiental e pol\u00edtica. O custo vida de vida aumenta, enquanto avan\u00e7a o arrocho salarial, o desemprego, as privatiza\u00e7\u00f5es e os desastres socioambientais. Em resposta, aumentam as mobiliza\u00e7\u00f5es, campanhas salariais e greves parciais, como as dos eletricit\u00e1rios, portu\u00e1rios, garis, metrovi\u00e1rios e, em algumas cidades, protestos da juventude contra o aumento das passagens.<\/div>\n<\/div>\n<div class=\"cxmmr5t8 oygrvhab hcukyx3x c1et5uql o9v6fnle ii04i59q\">\n<div dir=\"auto\">O genocida Jair Bolsonaro nega vacina para crian\u00e7as e continua promovendo amea\u00e7as \u00e0s liberdades democr\u00e1ticas. \u00c9, de fato, um governo da fome e do desemprego. Apoia especula\u00e7\u00e3o com os pre\u00e7os dos alimentos. Privatiza e retira direitos, acabando com milhares de postos de trabalho e precarizando os que permanecem. Difunde um verdadeiro genoc\u00eddio, seja pela dissemina\u00e7\u00e3o do covid, da fome ou da viol\u00eancia miliciana.<\/div>\n<\/div>\n<div class=\"cxmmr5t8 oygrvhab hcukyx3x c1et5uql o9v6fnle ii04i59q\">\n<div dir=\"auto\">\u00c9 necess\u00e1rio organizar uma nova jornada nacional e unificada de lutas por sal\u00e1rio, aux\u00edlio emergencial, moradia e contra o aumento das passagens. Lutar ainda pela redu\u00e7\u00e3o e congelamento dos pre\u00e7os dos alimentos, alugu\u00e9is, combust\u00edveis e servi\u00e7os essenciais. Contra as privatiza\u00e7\u00f5es e por um plano emergencial de conten\u00e7\u00e3o da variante \u00d4micron do COVID-19.<\/div>\n<\/div>\n<div class=\"cxmmr5t8 oygrvhab hcukyx3x c1et5uql o9v6fnle ii04i59q\">\n<div dir=\"auto\">Devemos retomar as ruas com aqueles e aquelas que querem derrubar o governo fascista de Jair Bosonaro J\u00c1! N\u00e3o podemos cair no eleitoralismo, conciliar com o neoliberalismo, tampouco dar espa\u00e7o aos golpistas de plant\u00e3o. N\u00e3o podemos esperar at\u00e9 as elei\u00e7\u00f5es: Bolsonaro nem um dia a mais!!<\/div>\n<\/div>\n<div class=\"cxmmr5t8 oygrvhab hcukyx3x c1et5uql o9v6fnle ii04i59q\">\n<div dir=\"auto\">Para recolocar o povo na rua e fortalecer essa batalha, realizaremos uma assembleia nacional no dia 11 de fevereiro \u00e0s 19h.<\/div>\n<\/div>\n<div class=\"cxmmr5t8 oygrvhab hcukyx3x c1et5uql o9v6fnle ii04i59q\">\n<div dir=\"auto\">Compare\u00e7a! Unida e organizada, nossa indigna\u00e7\u00e3o \u00e9 mais forte!<\/div>\n<\/div>\n<div class=\"cxmmr5t8 oygrvhab hcukyx3x c1et5uql o9v6fnle ii04i59q\">\n<div dir=\"auto\"><a class=\"oajrlxb2 g5ia77u1 qu0x051f esr5mh6w e9989ue4 r7d6kgcz rq0escxv nhd2j8a9 nc684nl6 p7hjln8o kvgmc6g5 cxmmr5t8 oygrvhab hcukyx3x jb3vyjys rz4wbd8a qt6c0cv9 a8nywdso i1ao9s8h esuyzwwr f1sip0of lzcic4wl gpro0wi8 py34i1dx\" tabindex=\"0\" role=\"link\" href=\"https:\/\/forms.gle\/AstKMTdqgNRp5stC6?fbclid=IwAR0xHQjq2OUjr5MsGgjwC7SBefcGpXDtmgizV64qVOJlsmz4PT7yw4vhqlY\" target=\"_blank\" rel=\"nofollow noopener\">https:\/\/forms.gle\/AstKMTdqgNRp5stC6<\/a><\/div>\n<\/div>\n","protected":false},"excerpt":{"rendered":"<p>Vamos reconstruir as manifesta\u00e7\u00f5es pelo Fora Bolsonaro! No ano de 2021, n\u00f3s constru\u00edmos grandiosas mobiliza\u00e7\u00f5es de rua! Elas foram fundamentais para expressar ativamente o amplo sentimento de indigna\u00e7\u00e3o contra o governo Bolsonaro\/Mour\u00e3o e expulsar os fascistas das ruas. Enfrentamos o autoritarismo da extrema direita, os<\/p>\n","protected":false},"author":2,"featured_media":9122,"comment_status":"open","ping_status":"open","sticky":false,"template":"","format":"standard","meta":{"footnotes":""},"categories":[5],"tags":[],"class_list":["post-9121","post","type-post","status-publish","format-standard","has-post-thumbnail","hentry","category-nacional"],"_links":{"self":[{"href":"https:\/\/www.cstuit.com\/home\/wp-json\/wp\/v2\/posts\/9121","targetHints":{"allow":["GET"]}}],"collection":[{"href":"https:\/\/www.cstuit.com\/home\/wp-json\/wp\/v2\/posts"}],"about":[{"href":"https:\/\/www.cstuit.com\/home\/wp-json\/wp\/v2\/types\/post"}],"author":[{"embeddable":true,"href":"https:\/\/www.cstuit.com\/home\/wp-json\/wp\/v2\/users\/2"}],"replies":[{"embeddable":true,"href":"https:\/\/www.cstuit.com\/home\/wp-json\/wp\/v2\/comments?post=9121"}],"version-history":[{"count":0,"href":"https:\/\/www.cstuit.com\/home\/wp-json\/wp\/v2\/posts\/9121\/revisions"}],"wp:featuredmedia":[{"embeddable":true,"href":"https:\/\/www.cstuit.com\/home\/wp-json\/wp\/v2\/media\/9122"}],"wp:attachment":[{"href":"https:\/\/www.cstuit.com\/home\/wp-json\/wp\/v2\/media?parent=9121"}],"wp:term":[{"taxonomy":"category","embeddable":true,"href":"https:\/\/www.cstuit.com\/home\/wp-json\/wp\/v2\/categories?post=9121"},{"taxonomy":"post_tag","embeddable":true,"href":"https:\/\/www.cstuit.com\/home\/wp-json\/wp\/v2\/tags?post=9121"}],"curies":[{"name":"wp","href":"https:\/\/api.w.org\/{rel}","templated":true}]}}