

	{"id":9124,"date":"2022-02-09T23:35:24","date_gmt":"2022-02-09T23:35:24","guid":{"rendered":"https:\/\/www.cstuit.com\/home\/?p=9124"},"modified":"2022-03-06T16:40:05","modified_gmt":"2022-03-06T16:40:05","slug":"psol-de-cara-propria-no-rj-sem-coligacao-com-banqueiros-e-representantes-dos-patroes","status":"publish","type":"post","link":"https:\/\/www.cstuit.com\/home\/2022\/02\/09\/psol-de-cara-propria-no-rj-sem-coligacao-com-banqueiros-e-representantes-dos-patroes\/","title":{"rendered":"PSOL de cara pr\u00f3pria no RJ: sem coliga\u00e7\u00e3o com banqueiros e representantes  dos patr\u00f5es!"},"content":{"rendered":"<p>&nbsp;<\/p>\n<p>1-\u00a0 O\u00a0\u00a0 Rio\u00a0\u00a0 de\u00a0\u00a0 Janeiro\u00a0\u00a0 passa\u00a0\u00a0 por\u00a0\u00a0 uma\u00a0\u00a0 crise\u00a0\u00a0 social,\u00a0 econ\u00f4mica,\u00a0\u00a0 ambiental,\u00a0\u00a0 sem precedentes. Tudo agravado por uma pandemia in\u00e9dita de\u00a0 Covid-19. Os \u00faltimos governadores, incluindo a extrema\u00a0 direita\u00a0 de\u00a0 Witzel,\u00a0 foram afastados ou\u00a0 presos, mostrando a decomposi\u00e7\u00e3o do regime pol\u00edtico capitalista. As pol\u00edticas do governador Claudio Castro, aprofundam essa crise: privatiza\u00e7\u00e3o da Cedae, planos de ajuste que retiram direitos dos servidores, aus\u00eancia de um plano de conten\u00e7\u00e3o da pandemia e da crise social. A proposta de aumento dos pre\u00e7os das passagens de trens e barcas mostra que o governo segue comprometido com os esquemas das empresas como a Supervia (Odebrecht e Mitsui) e CCR (Andrade Gutierrez e Camargo Correia), prejudicando a classe trabalhadora.<\/p>\n<p>2- Os prefeitos que se dizem progressistas, como \u00e9 o caso de Eduardo Paes (PSD), em nada se diferenciam do atual governador. O prefeito Eduardo Paes, logo ap\u00f3s empossado, imp\u00f4s um duro ajuste fiscal contra os servidores municipais. A mesma pol\u00edtica de austeridade est\u00e1 em vigor em Niter\u00f3i, governada por Axel Grael (PDT). N\u00e3o \u00e9 demais lembrar que o PSD de Eduardo Paes integra o minist\u00e9rio do governo Bolsonaro\/Mour\u00e3o.<\/p>\n<p>3-\u00a0 O PT e PCdoB n\u00e3o lideraram uma efetiva oposi\u00e7\u00e3o a Witzel e Castro. O\u00a0 PT realizou acordos na elei\u00e7\u00e3o da presid\u00eancia da ALERJ, obtendo apoio da bancada ultra\u00a0\u00a0 reacion\u00e1ria\u00a0 do\u00a0\u00a0 PSC.\u00a0\u00a0 Em\u00a0\u00a0 2021,\u00a0 o\u00a0\u00a0 pacote\u00a0\u00a0 de\u00a0\u00a0 ajuste\u00a0\u00a0 do\u00a0\u00a0 governador\u00a0\u00a0 Cl\u00e1udio Castro contou com o apoio e a parceria do deputado estadual Andr\u00e9 Ceciliano, doPT, atual presidente da ALERJ.<\/p>\n<p>4- O deputado Marcelo Freixo migrou para o PSB com o discurso de que tudo se resume\u00a0\u00a0 a\u00a0\u00a0 disputa\u00a0\u00a0 da\u00a0\u00a0 \u201cciviliza\u00e7\u00e3o\u00a0\u00a0 contra\u00a0\u00a0 barb\u00e1rie\u201d.\u00a0\u00a0 Aprofundou\u00a0\u00a0 a\u00a0\u00a0 pol\u00edtica\u00a0\u00a0 de concilia\u00e7\u00e3o de classes, de conchavos com empres\u00e1rios, que vinha desde a \u201ccarta ao povo\u00a0\u00a0 carioca\u201d\u00a0\u00a0 de\u00a0\u00a0 2016\u00a0\u00a0 onde\u00a0\u00a0 o\u00a0\u00a0 deputado\u00a0\u00a0 afirmava\u00a0\u00a0 seu\u00a0\u00a0 \u201ccompromisso\u00a0\u00a0 com\u00a0\u00a0 os contratos\u201d e a administrar sem questionar o sistema econ\u00f4mico e pol\u00edtico da cidade. Al\u00e9m disso apoiou candidatos-empres\u00e1rios e defendeu o financiamento de campanhas por parte de banqueiros nas elei\u00e7\u00f5es de 2020.\u00a0 Agora visa um governo estadual com representantes da burguesia, como Eduardo Paes e Rodrigo Maia. O partido de Freixo, o PSB, n\u00e3o \u00e9 de esquerda: votou em A\u00e9cio\u00a0 Neves\/PSDB no segundo turno de 2014; em 2016, votou a favor do impeachment de Dilma; comp\u00f4s a base aliada do governo Temer. Em Pernambuco, o PSB aplicou a reforma da previd\u00eancia de Bolsonaro e destacou-se nacionalmente pela repress\u00e3o violenta aos manifestantes durante o protesto do 29 de maio de 2021.<\/p>\n<p>4.1- As recentes movimenta\u00e7\u00f5es de Freixo incluem at\u00e9 o banqueiro tucano Arm\u00ednio Fraga, um dos ide\u00f3logos da pol\u00edtica econ\u00f4mica capitalista do governo FHC com seu nefasto plano real. Al\u00e9m de se reunir com Geraldo Alckmin, representante da ultradireita,\u00a0 seguindo\u00a0\u00a0 a\u00a0\u00a0 mesma\u00a0\u00a0 pol\u00edtica\u00a0\u00a0 nacional\u00a0\u00a0 de\u00a0\u00a0 Lula.\u00a0\u00a0 O\u00a0\u00a0 Geraldo\u00a0\u00a0 Alckmin\u00a0\u00a0 velho quadro\u00a0 do PSDB, que\u00a0 quando\u00a0 governou\u00a0\u00a0 S\u00e3o\u00a0\u00a0 Paulo,\u00a0 reprimiu\u00a0\u00a0 fortemente\u00a0\u00a0 com\u00a0 o Pelot\u00e3o de Choque da Pol\u00edcia Militar, os trabalhadores e estudantes que lutavam contra sua pol\u00edtica de entrega do estado de S\u00e3o Paulo aos grandes empres\u00e1rios e aos banqueiros. Em contraponto, o companheiro Milton Temer &#8211; um dos fundadores do\u00a0\u00a0 PSOL\u00a0\u00a0 &#8211;\u00a0\u00a0\u00a0\u00a0 fez\u00a0 cr\u00edticas\u00a0 corretas,\u00a0 ap\u00f3s\u00a0\u00a0 recente\u00a0 entrevista\u00a0\u00a0 do\u00a0 deputado\u00a0\u00a0 Freixo\u00a0\u00a0 \u00e0 Globonews: \u201c<em>UM\u00a0\u00a0 PREN\u00daNCIO\u00a0\u00a0 desabrido\u00a0\u00a0 de\u00a0\u00a0 gest\u00e3o\u00a0 \u00a0do\u00a0\u00a0 Estado\u00a0\u00a0 no\u00a0\u00a0 conceito\u00a0\u00a0 de gest\u00e3o como se fosse empresa, com refer\u00eancia a acordos com empres\u00e1rios, sem uma vez sequer citar o termo trabalhador, ou sindicato, ou movimento social. Partido pol\u00edtico, ent\u00e3o, nem pensar. O perfil sem meias medidas de um candidato t\u00edpico da ordem\u00a0\u00a0 burguesa\u00a0\u00a0 estabelecida.\u00a0\u00a0 De\u00a0\u00a0 uma\u00a0\u00a0 centro\u00a0\u00a0 esquerda\u00a0\u00a0 bem\u00a0\u00a0 moderada\u00a0\u00a0 (&#8230;)QUANTO \u00c0 RECUPERA\u00c7\u00c3O econ\u00f4mica do Rio, a partir de citados assessores de curr\u00edculo claramente voltado \u00e0 gera\u00e7\u00e3o cretina do &#8220;bom ambiente de neg\u00f3cios<\/em>&#8220;, <em>na l\u00f3gica de que patr\u00e3o\u00a0 n\u00e3o \u00e9 explorador de mais valia da for\u00e7a de trabalho, mas gerador de emprego, a bula \u00e9 a mesma dos Paes e Cabrais da vida&#8230; N\u00e3o h\u00e1 cita\u00e7\u00e3o de di\u00e1logo com trabalhadores, sindicatos e Partidos do campo do trabalho. S\u00f3 com empres\u00e1rios. (&#8230;) UMA ENTREVISTA, enfim a ser vista e revista pelos candidatos a cargos parlamentares e pelas dire\u00e7\u00f5es dos partidos de esquerda que n\u00e3o t\u00eam vergonha de se apresentar como anti-capitalistas, como socialistas&#8230;<\/em>\u201d<\/p>\n<p>4.2- A pol\u00edtica do deputado Marcelo Freixo \u00e9 reeditar a frente ampla que governou o Rio de Janeiro com S\u00e9rgio Cabral\/PMDB, cuja coliga\u00e7\u00e3o envolvia PT, PCdoB, PDT e PSB. A frente ampla contava ainda com o PRB, do ent\u00e3o senador Crivella (ex-ministro do governo Dilma) e o PP, de Francisco Dornelles (na \u00e9poca, legenda de Jair Bolsonaro). Foi o per\u00edodo dos megaeventos cujo legado foi o desemprego e o endividamento\u00a0\u00a0 absurdo\u00a0\u00a0 estatal\u00a0\u00a0 com\u00a0\u00a0 o\u00a0\u00a0 sistema\u00a0\u00a0 financeiro.\u00a0\u00a0 Sem\u00a0\u00a0 falar\u00a0\u00a0 das\u00a0\u00a0 obras inacabadas da\u00a0 Avenida\u00a0\u00a0 Brasil,\u00a0\u00a0 as\u00a0\u00a0 remo\u00e7\u00f5es\u00a0 da\u00a0 Vila\u00a0 Aut\u00f3dromo,\u00a0 privatiza\u00e7\u00e3o\u00a0\u00a0 da sa\u00fade\u00a0 via\u00a0 OSs,\u00a0\u00a0 a\u00a0 farra\u00a0\u00a0 das\u00a0 empreiteiras\u00a0\u00a0 no\u00a0 porto\u00a0 maravilha.\u00a0\u00a0 Essa frente\u00a0 ampla fortaleceu setores reacion\u00e1rios: Crivella; pastor Everaldo e Silas Malafaia, sem falarem ultraconservadores, como Eduardo Cunha. Tudo isso no contexto dos governos do PT-PMDB, em n\u00edvel federal, com Lula e Dilma, quando se falava da parceria \u201cestrat\u00e9gica\u201d com o partido do vice-presidente Michel Temer. Um governo elogiado pelos donos do Ita\u00fa e que ocupou militarmente a Mar\u00e9 por 11 meses. N\u00e3o podemos repetir essa linha que arruinou o estado e fortaleceu a extrema direita.<\/p>\n<p>5- Infelizmente\u00a0\u00a0 a\u00a0\u00a0 dire\u00e7\u00e3o\u00a0\u00a0 majorit\u00e1ria\u00a0\u00a0 do\u00a0\u00a0 PSOL,\u00a0 apesar\u00a0 de uma\u00a0\u00a0 ou\u00a0\u00a0 outra\u00a0\u00a0 nuance,\u00a0\u00a0 segue\u00a0\u00a0 a reboque dessa linha de frente ampla, de conchavos com os representantes dos patr\u00f5es e dos banqueiros, em nosso estado. Uma linha que enfraquece o PSOL e faz nosso partido perder o protagonismo que j\u00e1 teve em outros momentos como a Primavera Carioca de 2012 ou\u00a0\u00a0 a\u00a0\u00a0 campanha\u00a0\u00a0 de\u00a0 Tarc\u00edsio\u00a0\u00a0 governador\u00a0 e\u00a0\u00a0 Pedro\u00a0\u00a0 Rosa\u00a0\u00a0 Senador\u00a0\u00a0 em\u00a0 2014,\u00a0\u00a0 quando denunciamos os \u201cquatro Cabrais\u201d.<\/p>\n<p>6-\u00a0 N\u00f3s que subscrevemos essa nota somos parte daqueles que se negam a acatar as negociatas da velha pol\u00edtica que faz em nosso estado, visando um governo com banqueiros e representantes dos patr\u00f5es. N\u00e3o aceitamos que o PSOL apoie\u00a0 o projeto capitalista do deputado Marcelo Freixo e do banqueiro tucano Arm\u00ednio Fraga para o governo do estado e rejeitamos as movimenta\u00e7\u00f5es \u2013 feitas pelas costas da milit\u00e2ncia \u2013 para apoiar o deputado Andr\u00e9 Ceciliano ao senado, o deputado presidente da corrupta Alerj e que aplicou um plano de ajuste contra os servidores.<\/p>\n<p>6.1- Para\u00a0\u00a0 o\u00a0\u00a0 governo\u00a0\u00a0 do\u00a0\u00a0 estado do Rio de Janeiro estamos com a pr\u00e9- candidatura do companheiro Milton Temer e para o senado temos\u00a0\u00a0 o\u00a0\u00a0 nome\u00a0\u00a0 do\u00a0\u00a0 camarada\u00a0\u00a0 Bab\u00e1,\u00a0\u00a0 fundador\u00a0\u00a0 do\u00a0\u00a0 PSOL,\u00a0\u00a0 servidor\u00a0\u00a0 federal,\u00a0\u00a0 militante\u00a0\u00a0 da oposi\u00e7\u00e3o sindical da UFRJ, e do Movimento Contra a implanta\u00e7\u00e3o da EBSERH no Hospital Universit\u00e1rio\u00a0 da\u00a0\u00a0 UFRJ\u00a0 e\u00a0 um\u00a0\u00a0 dos\u00a0 que\u00a0\u00a0 j\u00e1\u00a0\u00a0 integrou\u00a0 a\u00a0 bancada \u00a0\u00a0parlamentar\u00a0\u00a0 do\u00a0 PSOL.\u00a0\u00a0 Ao mesmo\u00a0\u00a0 tempo\u00a0\u00a0 defendemos\u00a0\u00a0 que\u00a0\u00a0 se\u00a0\u00a0 construa\u00a0\u00a0 um\u00a0\u00a0 outro arco\u00a0\u00a0 de\u00a0\u00a0 alian\u00e7as, reafirmando\u00a0\u00a0 a independ\u00eancia pol\u00edtica da classe trabalhadora e setores populares. Uma frente de esquerda e socialista com PSOL, UP, PCB, PSTU e outras organiza\u00e7\u00f5es socialistas, comunistas e da classe trabalhadora.<\/p>\n<p>Glauber Braga (Dep.Federal do PSOL e pr\u00e9-candidato a presid\u00eancia)<\/p>\n<p>Rosi Messias &#8211; Diret\u00f3rio Nacional do PSOL e Coordena\u00e7\u00e3o da CST<\/p>\n<div>\n<div>Denis Melo &#8211; Executiva Estadual PSOL-RJ e Coordena\u00e7\u00e3o da CST<\/div>\n<div><\/div>\n<div>Pedro Rosa &#8211; Diretoria do SINTUFF<\/div>\n<div>Bernarda Tailana &#8211; Coordena\u00e7\u00e3o do SINTUFF<\/div>\n<div>Carlos Faleiro &#8211; Diret\u00f3rio Estadual e Nacional do psol.<\/div>\n<div>Leci Carvalho &#8211; Dire\u00e7\u00e3o PSOL Nova Igua\u00e7u e Coordenadora do AGITA.<\/div>\n<div>Mirna Maia Freire &#8211; Membro da executiva nacional da CSP &#8211; Conlutas e da Dire\u00e7\u00e3o do SEPE Nova Igua\u00e7u<\/div>\n<div>Roberto Ferreira Costa Ribeiro &#8211; Dirigente da COMUNA<\/div>\n<\/div>\n<div><\/div>\n<div>Lurdinha Lopes &#8211; Movimento Nacional de Luta por Moradia<\/div>\n<div>Marco Ant\u00f4nio Perruso (Trog) &#8211; Professor da UFRRJ<\/div>\n<div>Luiz Amalio da Silva (Z\u00e9 da Lata) &#8211; Economista<\/div>\n<div>Dejair Dias &#8211; PSOL-RJ<\/div>\n<div>Daniel Lisboa &#8211; PSOL-RJ<\/div>\n<div>Marisa Menezes &#8211; Assistente Social<\/div>\n<div>S\u00e9rgio Granja &#8211; Professor<\/div>\n<div>Gustavo Bueno &#8211; PSOL-RJ<\/div>\n<div>Suely Branco &#8211; PSOL-RJ<\/div>\n<div>Marcela Mendes &#8211; PSOL-RJ<\/div>\n<div>Bruno Carvalho &#8211; PSOL-RJ<\/div>\n<div><\/div>\n<div>\n<p><strong>CST &#8211; Corrente Socialista das Trabalhadoras e dos Trabalhadores<\/strong><\/p>\n<p><strong>APS &#8211; A\u00e7\u00e3o Popular Socialista<\/strong><\/p>\n<p><strong>CT &#8211; Centralidade do Trabalho<\/strong><\/p>\n<p><strong>COMUNA<\/strong><\/p>\n<\/div>\n","protected":false},"excerpt":{"rendered":"<p>&nbsp; 1-\u00a0 O\u00a0\u00a0 Rio\u00a0\u00a0 de\u00a0\u00a0 Janeiro\u00a0\u00a0 passa\u00a0\u00a0 por\u00a0\u00a0 uma\u00a0\u00a0 crise\u00a0\u00a0 social,\u00a0 econ\u00f4mica,\u00a0\u00a0 ambiental,\u00a0\u00a0 sem precedentes. Tudo agravado por uma pandemia in\u00e9dita de\u00a0 Covid-19. Os \u00faltimos governadores, incluindo a extrema\u00a0 direita\u00a0 de\u00a0 Witzel,\u00a0 foram afastados ou\u00a0 presos, mostrando a decomposi\u00e7\u00e3o do regime pol\u00edtico capitalista. As pol\u00edticas<\/p>\n","protected":false},"author":2,"featured_media":8264,"comment_status":"open","ping_status":"open","sticky":false,"template":"","format":"standard","meta":{"footnotes":""},"categories":[8],"tags":[],"class_list":["post-9124","post","type-post","status-publish","format-standard","has-post-thumbnail","hentry","category-debates-socialistas"],"_links":{"self":[{"href":"https:\/\/www.cstuit.com\/home\/wp-json\/wp\/v2\/posts\/9124","targetHints":{"allow":["GET"]}}],"collection":[{"href":"https:\/\/www.cstuit.com\/home\/wp-json\/wp\/v2\/posts"}],"about":[{"href":"https:\/\/www.cstuit.com\/home\/wp-json\/wp\/v2\/types\/post"}],"author":[{"embeddable":true,"href":"https:\/\/www.cstuit.com\/home\/wp-json\/wp\/v2\/users\/2"}],"replies":[{"embeddable":true,"href":"https:\/\/www.cstuit.com\/home\/wp-json\/wp\/v2\/comments?post=9124"}],"version-history":[{"count":0,"href":"https:\/\/www.cstuit.com\/home\/wp-json\/wp\/v2\/posts\/9124\/revisions"}],"wp:featuredmedia":[{"embeddable":true,"href":"https:\/\/www.cstuit.com\/home\/wp-json\/wp\/v2\/media\/8264"}],"wp:attachment":[{"href":"https:\/\/www.cstuit.com\/home\/wp-json\/wp\/v2\/media?parent=9124"}],"wp:term":[{"taxonomy":"category","embeddable":true,"href":"https:\/\/www.cstuit.com\/home\/wp-json\/wp\/v2\/categories?post=9124"},{"taxonomy":"post_tag","embeddable":true,"href":"https:\/\/www.cstuit.com\/home\/wp-json\/wp\/v2\/tags?post=9124"}],"curies":[{"name":"wp","href":"https:\/\/api.w.org\/{rel}","templated":true}]}}