

	{"id":9127,"date":"2022-02-10T16:43:15","date_gmt":"2022-02-10T16:43:15","guid":{"rendered":"https:\/\/www.cstuit.com\/home\/?p=9127"},"modified":"2022-02-10T16:50:03","modified_gmt":"2022-02-10T16:50:03","slug":"9127","status":"publish","type":"post","link":"https:\/\/www.cstuit.com\/home\/2022\/02\/10\/9127\/","title":{"rendered":"EDITORIAL | Seguir o exemplo das manifesta\u00e7\u00f5es por Justi\u00e7a para Mo\u00efse! | Combate Socialista n\u00b0146"},"content":{"rendered":"<p><b><img loading=\"lazy\" decoding=\"async\" class=\"size-medium wp-image-9129 alignleft\" src=\"https:\/\/www.cstuit.com\/home\/wp-content\/uploads\/2022\/02\/3-26-300x300.png\" alt=\"\" width=\"300\" height=\"300\" srcset=\"https:\/\/www.cstuit.com\/home\/wp-content\/uploads\/2022\/02\/3-26-300x300.png 300w, https:\/\/www.cstuit.com\/home\/wp-content\/uploads\/2022\/02\/3-26-150x150.png 150w, https:\/\/www.cstuit.com\/home\/wp-content\/uploads\/2022\/02\/3-26-768x768.png 768w, https:\/\/www.cstuit.com\/home\/wp-content\/uploads\/2022\/02\/3-26-1024x1024.png 1024w, https:\/\/www.cstuit.com\/home\/wp-content\/uploads\/2022\/02\/3-26-50x50.png 50w, https:\/\/www.cstuit.com\/home\/wp-content\/uploads\/2022\/02\/3-26-600x600.png 600w, https:\/\/www.cstuit.com\/home\/wp-content\/uploads\/2022\/02\/3-26.png 1080w\" sizes=\"auto, (max-width: 300px) 100vw, 300px\" \/>Seguir o exemplo das manifesta\u00e7\u00f5es por Justi\u00e7a para Mo\u00efse!<\/b><\/p>\n<p><span style=\"font-weight: 400;\">No \u00faltimo dia 06\/02 ocorreram manifesta\u00e7\u00f5es em solidariedade \u00e0 fam\u00edlia de Mo\u00efse e \u00e0 comunidade Congolesa e Africana, repudiando o brutal assassinato desse jovem trabalhador negro na Barra da Tijuca. Contra o racismo, a xenofobia, a extrema direita e os policiais milicianos, marchamos unificadamente nas ruas. Unidos e mobilizados podemos conquistar justi\u00e7a e fazer com que nossas pautas sejam atendidas. Devemos dar continuidade a esse protesto e realizar uma nova jornada nacional de lutas, indo at\u00e9 o fim para cobrar justi\u00e7a para Mo\u00efse, pelo fim do racismo e por direitos aos imigrantes e refugiados congoleses, africanos, haitianos, bolivianos e das demais nacionalidades, para que nunca mais nenhum trabalhador seja assassinado. Para evitar novos casos como o de Durval Te\u00f3filo, de S\u00e3o Gon\u00e7alo, assassinado por um sargento da Marinha unicamente por ser negro.<\/span><\/p>\n<p><b>Seguirmos organizados e mobilizados \u00e9 fundamental!<\/b><\/p>\n<p><span style=\"font-weight: 400;\">Os movimentos negros, como a Coaliza\u00e7\u00e3o Negra, UNEGRO, UNEAFRO, MNU, as centrais sindicais e movimentos estudantis e sociais, devem manter essa bandeira de solidariedade em p\u00e9 nas universidades, sindicatos, locais de trabalho e moradia. Nesse caminho, unificar com as reivindica\u00e7\u00f5es dos demais trabalhadores precarizados e precarizadas, em sua maioria negros e negras, como terceirizados e entregadores; unificar o movimento com os protestos feministas em dire\u00e7\u00e3o ao 8M; as campanhas salariais e mobiliza\u00e7\u00f5es como na Eletrobras, Portu\u00e1rios, Garis, Metrovi\u00e1rios e servidores; unificar a luta contra o arrocho salarial; por um plano efetivo de conten\u00e7\u00e3o da \u00f4micron; seguir a luta por aux\u00edlio emergencial para todas as pessoas que necessitarem; redu\u00e7\u00e3o do pre\u00e7os dos transportes, alimentos, combust\u00edveis, alugu\u00e9is; contra as privatiza\u00e7\u00f5es das estatais; contra a reforma administrava. Contra os projetos e ataques do governo do capit\u00e3o Bolsonaro e do General Mour\u00e3o, cuja pol\u00edtica genocida s\u00f3 gera mais morte, mis\u00e9ria e viol\u00eancia contra a classe trabalhadora.<\/span><\/p>\n<p><b>Construir a VI Plen\u00e1ria de Organiza\u00e7\u00e3o das Lutas Populares e exigir um plano de luta no CONCLAT<\/b><\/p>\n<p><span style=\"font-weight: 400;\">Para isso, exigimos que a CUT, CTB, UNE e MTST convoquem a VI Plen\u00e1ria de Organiza\u00e7\u00e3o das Lutas Populares da campanha Fora Bolsonaro para voltar a convocar passeatas massivas de rua, como as que ocorreram no ano passado. Do mesmo modo, devemos exigir, em cada sindicato, que a CUT, CTB e demais centrais mudem o car\u00e1ter do CONCLAT (Confer\u00eancia Nacional da Classe Trabalhadora). Ao inv\u00e9s de ser apenas um evento eleitoral, devemos exigir que, em cada sindicato, ocorra assembleias de base para eleger delegados ao CONCLAT, incluindo em sua pauta a delibera\u00e7\u00e3o de um plano de luta que garanta a unifica\u00e7\u00e3o das campanhas salariais, paralisa\u00e7\u00f5es e greves; uma campanha contra o racismo e a xenofobia, com dias nacionais de mobiliza\u00e7\u00e3o; e um plano econ\u00f4mico e social alternativo que defenda reposi\u00e7\u00e3o das perdas salariais de forma autom\u00e1tica para vencer a infla\u00e7\u00e3o; gera\u00e7\u00e3o de empregos via planos de trabalhos p\u00fablicos e redu\u00e7\u00e3o da jornada de trabalho sem redu\u00e7\u00e3o de sal\u00e1rios; o n\u00e3o pagamento da d\u00edvida externa e interna aos banqueiros e a taxa\u00e7\u00e3o dos bilion\u00e1rios e das multinacionais para investir pesado em sa\u00fade, educa\u00e7\u00e3o, servi\u00e7os p\u00fablicos e estatais; estatizar o sistema financeiro e destinar recursos para realizar uma reforma agr\u00e1ria radical sob controle dos sem-terra, expulsar as multinacionais do campo e garantir preserva\u00e7\u00e3o ambiental, demarca\u00e7\u00e3o das terras ind\u00edgenas; recursos para o combate ao racismo, ao machismo e \u00e0 LGBTfobia; pela revoga\u00e7\u00e3o das contrarreformas da previd\u00eancia, do teto de gastos, trabalhista e demais medidas que retiram direitos.<\/span><\/p>\n<p><b>Por uma reuni\u00e3o nacional da esquerda do PSOL, UP, PCB e o Polo Socialista e Revolucion\u00e1rio<\/b><\/p>\n<p><span style=\"font-weight: 400;\">N\u00f3s, da CST, que integramos a campanha de Glauber Braga, o Povo na Rua e o Polo Socialista e Revolucion\u00e1rio, defendemos a unidade daqueles que s\u00e3o contra a frente ampla liderada por Lula e Alckmin. Propomos uma reuni\u00e3o nacional entre a Oposi\u00e7\u00e3o do PSOL, liderada por Glauber Braga (hoje pr\u00e9-candidato \u00e0 Presid\u00eancia), a UP, com a pr\u00e9-candidatura de Leonardo P\u00e9ricles, o PCB, o PSTU e o Polo Socialista e Revolucion\u00e1rio.<\/span><\/p>\n<p><span style=\"font-weight: 400;\">Defendemos a necessidade de uma frente ou bloco das esquerdas socialistas e comunistas, que se expresse nas ruas e nas elei\u00e7\u00f5es, pautando um plano de luta e a possibilidade de interven\u00e7\u00e3o comum nas elei\u00e7\u00f5es com candidaturas unificadas em n\u00edvel nacional e nos estados. Seria um campo ou bloco \u00e0 esquerda da concilia\u00e7\u00e3o de classes e poderia abrir caminho para a batalha por um governo da classe trabalhadora e dos setores populares, sem patr\u00f5es, para romper com a domina\u00e7\u00e3o imperialista e capitalista, rumo a um Brasil socialista.<\/span><\/p>\n","protected":false},"excerpt":{"rendered":"<p>Seguir o exemplo das manifesta\u00e7\u00f5es por Justi\u00e7a para Mo\u00efse! No \u00faltimo dia 06\/02 ocorreram manifesta\u00e7\u00f5es em solidariedade \u00e0 fam\u00edlia de Mo\u00efse e \u00e0 comunidade Congolesa e Africana, repudiando o brutal assassinato desse jovem trabalhador negro na Barra da Tijuca. Contra o racismo, a xenofobia, a<\/p>\n","protected":false},"author":1,"featured_media":9128,"comment_status":"open","ping_status":"open","sticky":false,"template":"","format":"standard","meta":{"footnotes":""},"categories":[135],"tags":[1296,1310,110,381,1720,37,177,1644],"class_list":["post-9127","post","type-post","status-publish","format-standard","has-post-thumbnail","hentry","category-editorial","tag-cst","tag-cstpsol","tag-editorial","tag-esquerda","tag-extrema-esquerda","tag-psol","tag-pstu","tag-radical"],"_links":{"self":[{"href":"https:\/\/www.cstuit.com\/home\/wp-json\/wp\/v2\/posts\/9127","targetHints":{"allow":["GET"]}}],"collection":[{"href":"https:\/\/www.cstuit.com\/home\/wp-json\/wp\/v2\/posts"}],"about":[{"href":"https:\/\/www.cstuit.com\/home\/wp-json\/wp\/v2\/types\/post"}],"author":[{"embeddable":true,"href":"https:\/\/www.cstuit.com\/home\/wp-json\/wp\/v2\/users\/1"}],"replies":[{"embeddable":true,"href":"https:\/\/www.cstuit.com\/home\/wp-json\/wp\/v2\/comments?post=9127"}],"version-history":[{"count":0,"href":"https:\/\/www.cstuit.com\/home\/wp-json\/wp\/v2\/posts\/9127\/revisions"}],"wp:featuredmedia":[{"embeddable":true,"href":"https:\/\/www.cstuit.com\/home\/wp-json\/wp\/v2\/media\/9128"}],"wp:attachment":[{"href":"https:\/\/www.cstuit.com\/home\/wp-json\/wp\/v2\/media?parent=9127"}],"wp:term":[{"taxonomy":"category","embeddable":true,"href":"https:\/\/www.cstuit.com\/home\/wp-json\/wp\/v2\/categories?post=9127"},{"taxonomy":"post_tag","embeddable":true,"href":"https:\/\/www.cstuit.com\/home\/wp-json\/wp\/v2\/tags?post=9127"}],"curies":[{"name":"wp","href":"https:\/\/api.w.org\/{rel}","templated":true}]}}