

	{"id":9144,"date":"2022-02-16T20:02:43","date_gmt":"2022-02-16T20:02:43","guid":{"rendered":"https:\/\/www.cstuit.com\/home\/?p=9144"},"modified":"2022-02-16T20:02:43","modified_gmt":"2022-02-16T20:02:43","slug":"rs-reintegracao-dos-as-educadores-as-contratados-as-ja-pela-revogacao-das-contrarreformas-neoliberais","status":"publish","type":"post","link":"https:\/\/www.cstuit.com\/home\/2022\/02\/16\/rs-reintegracao-dos-as-educadores-as-contratados-as-ja-pela-revogacao-das-contrarreformas-neoliberais\/","title":{"rendered":"RS: Reintegra\u00e7\u00e3o dos\/as educadores\/as contratados\/as J\u00c1! Pela revoga\u00e7\u00e3o das contrarreformas neoliberais!"},"content":{"rendered":"<p>De forma covarde, o governo Eduardo Leite (PSDB), em conluio com a Funda\u00e7\u00e3o Lemann (que est\u00e1 dentro da Seduc e do RH estadual), demitiu 139 educadores\/as em regime de contrato \u201ctempor\u00e1rio\u201d. S\u00e3o professores\/as e funcion\u00e1rios\/as de escola que, a princ\u00edpio, prestariam servi\u00e7o por um curto per\u00edodo de tempo. Por\u00e9m, pela cr\u00f4nica falta de concursos p\u00fablicos na rede estadual, milhares desses\/as profissionais acabam tendo seus contratos renovados ano ap\u00f3s ano. Por irresponsabilidade dos diversos governos, que nos \u00faltimos 25 anos n\u00e3o promoveram concursos p\u00fablicos suficientes, v\u00e1rias pessoas em situa\u00e7\u00e3o de contrato \u201ctempor\u00e1rio\u201d j\u00e1 est\u00e3o fechando tempo necess\u00e1rio para aposentadoria.<\/p>\n<p>O argumento para essas demiss\u00f5es \u00e9 o cumprimento da lei da contrarreforma previdenci\u00e1ria. Nada mais ir\u00f4nico, vindo de um governo fora da lei, que at\u00e9 hoje n\u00e3o pagou os dias descontados da greve de 2019 (que foram recuperados), que arromba escolas \u00e0 revelia das comunidades escolares para fech\u00e1-las (como no caso da escola Rio Grande do Sul, em 2020) e que demite profissionais da educa\u00e7\u00e3o em plena licen\u00e7a de sa\u00fade.<\/p>\n<p>A verdade \u00e9 que essas demiss\u00f5es t\u00eam como pano de fundo n\u00e3o apenas a contrarreforma da previd\u00eancia de Bolsonaro (que Leite apoiou de forma entusiasmada e aplicou, de forma antecipada, a n\u00edvel estadual) mas, tamb\u00e9m, e principalmente, a contrarreforma do Ensino M\u00e9dio de Temer e da Funda\u00e7\u00e3o Lemann.<\/p>\n<p>O Novo Ensino M\u00e9dio, que \u00e9 uma desgra\u00e7a nacional, \u00e9 ainda pior no Rio Grande do Sul, que elaborou um dos curr\u00edculos mais enxutos do pa\u00eds. Com a redu\u00e7\u00e3o dr\u00e1stica da carga hor\u00e1ria das disciplinas, a consequ\u00eancia \u00e9 a sobra no quadro de pessoal, resultando em demiss\u00f5es.<\/p>\n<p><strong>Unificar as comunidades escolares em defesa dos empregos e pela revoga\u00e7\u00e3o do Novo Ensino M\u00e9dio<\/strong><\/p>\n<p>O Novo Ensino M\u00e9dio demite profissionais da educa\u00e7\u00e3o; reduz disciplinas essenciais para enfrentar as provas do ENEM e do vestibular e para compreender o mundo atual; tem como \u201cProjeto de Vida\u201d imbecilizar a juventude para que ela se sinta culpada pela desgra\u00e7a vivida na terra arrasada neoliberal; em suma, ele n\u00e3o serve aos interesses da nossa classe. Por outro lado, com a privatiza\u00e7\u00e3o que vai se dando desde o curr\u00edculo, enche os bolsos de magnatas como Jorge Paulo Lemann (que n\u00e3o se limita a financiar pol\u00edticos ambiciosos como Eduardo Leite, mas tamb\u00e9m governa diretamente com sua funda\u00e7\u00e3o, ocupando cargos na Secretaria da Educa\u00e7\u00e3o).<\/p>\n<p>O conjunto de colegas contratados\/as chega a quase metade da categoria na ativa, em n\u00edvel estadual. Por vezes discriminados\/as e mais suscet\u00edveis ao ass\u00e9dio moral de algumas dire\u00e7\u00f5es, s\u00e3o vistos por alguns como colegas de \u201csegunda classe\u201d. Temos certeza que a exist\u00eancia de milhares de colegas nessa situa\u00e7\u00e3o (que se arrasta h\u00e1 anos) s\u00f3 se justifica pela inefici\u00eancia dos sucessivos governos.<\/p>\n<p>Por\u00e9m, esta parcela da categoria tamb\u00e9m n\u00e3o se v\u00ea acolhida no local que mais a deveria defender: a atual Dire\u00e7\u00e3o Central do CPERS (formada por setores do PT, PCdoB e PDT) menospreza completamente a pauta dos\/as contratados\/as. Busca apenas reverter as demiss\u00f5es pela via jur\u00eddica, mas sem uma mobiliza\u00e7\u00e3o combinada da categoria. \u00c9 urgente p\u00f4r em pr\u00e1tica a frase: \u201cMexeu com um, mexeu com todos\/as\u201d. Exigimos que a Dire\u00e7\u00e3o Central fa\u00e7a uma ampla campanha, a n\u00edvel estadual, de sensibiliza\u00e7\u00e3o da categoria e exig\u00eancia pela readmiss\u00e3o dos\/as demitidos\/as.<\/p>\n<p>Por tudo isso, acreditamos que h\u00e1 potencial para mobilizar desde a base da categoria e as comunidades escolares rumo a um movimento nacional pela revoga\u00e7\u00e3o do Novo Ensino M\u00e9dio e da contrarreforma da previd\u00eancia. \u00c9 urgente que o CPERS, a UNE e a CNTE se engajem nessa luta.<\/p>\n","protected":false},"excerpt":{"rendered":"<p>De forma covarde, o governo Eduardo Leite (PSDB), em conluio com a Funda\u00e7\u00e3o Lemann (que est\u00e1 dentro da Seduc e do RH estadual), demitiu 139 educadores\/as em regime de contrato \u201ctempor\u00e1rio\u201d. S\u00e3o professores\/as e funcion\u00e1rios\/as de escola que, a princ\u00edpio, prestariam servi\u00e7o por um curto<\/p>\n","protected":false},"author":1,"featured_media":9145,"comment_status":"open","ping_status":"open","sticky":false,"template":"","format":"standard","meta":{"footnotes":""},"categories":[17],"tags":[72,86,1676,35],"class_list":["post-9144","post","type-post","status-publish","format-standard","has-post-thumbnail","hentry","category-sindical","tag-educacao","tag-professores","tag-riograndedosul","tag-sindical"],"_links":{"self":[{"href":"https:\/\/www.cstuit.com\/home\/wp-json\/wp\/v2\/posts\/9144","targetHints":{"allow":["GET"]}}],"collection":[{"href":"https:\/\/www.cstuit.com\/home\/wp-json\/wp\/v2\/posts"}],"about":[{"href":"https:\/\/www.cstuit.com\/home\/wp-json\/wp\/v2\/types\/post"}],"author":[{"embeddable":true,"href":"https:\/\/www.cstuit.com\/home\/wp-json\/wp\/v2\/users\/1"}],"replies":[{"embeddable":true,"href":"https:\/\/www.cstuit.com\/home\/wp-json\/wp\/v2\/comments?post=9144"}],"version-history":[{"count":0,"href":"https:\/\/www.cstuit.com\/home\/wp-json\/wp\/v2\/posts\/9144\/revisions"}],"wp:featuredmedia":[{"embeddable":true,"href":"https:\/\/www.cstuit.com\/home\/wp-json\/wp\/v2\/media\/9145"}],"wp:attachment":[{"href":"https:\/\/www.cstuit.com\/home\/wp-json\/wp\/v2\/media?parent=9144"}],"wp:term":[{"taxonomy":"category","embeddable":true,"href":"https:\/\/www.cstuit.com\/home\/wp-json\/wp\/v2\/categories?post=9144"},{"taxonomy":"post_tag","embeddable":true,"href":"https:\/\/www.cstuit.com\/home\/wp-json\/wp\/v2\/tags?post=9144"}],"curies":[{"name":"wp","href":"https:\/\/api.w.org\/{rel}","templated":true}]}}