

	{"id":9240,"date":"2022-03-16T16:30:27","date_gmt":"2022-03-16T16:30:27","guid":{"rendered":"https:\/\/www.cstuit.com\/home\/?p=9240"},"modified":"2022-03-16T16:32:00","modified_gmt":"2022-03-16T16:32:00","slug":"por-uma-candidatura-propria-em-minas-gerais","status":"publish","type":"post","link":"https:\/\/www.cstuit.com\/home\/2022\/03\/16\/por-uma-candidatura-propria-em-minas-gerais\/","title":{"rendered":"Por uma candidatura pr\u00f3pria em Minas Gerais\u00a0"},"content":{"rendered":"<p>As discuss\u00f5es a respeito das elei\u00e7\u00f5es em 2022 no PSOL, fazem parte de um debate important\u00edssimo de quais ser\u00e3o os rumos do partido.<\/p>\n<p>No cen\u00e1rio nacional, o campo liderado pelo PSOL de Todas a Lutas (Primavera Socialista, Revolu\u00e7\u00e3o Solid\u00e1ria, e Campo Semente), expressa atrav\u00e9s de seus dirigentes Guilherme Boulos, Edmilson Rodrigues, Tarc\u00edsio Motta, Tal\u00edria Petrone e Val\u00e9rio Arcary, a defesa e apoio \u00e0 chapa de concilia\u00e7\u00e3o de classes encabe\u00e7ada por Lula e grande parte deles est\u00e3o a favor da federa\u00e7\u00e3o com um partido burgu\u00eas que \u00e9 a Rede.<\/p>\n<p>Em Minas Gerais, o cen\u00e1rio que come\u00e7a a ser desenhado segue os mesmos caminhos. Setores como o PSOL de Todas as Lutas, come\u00e7am a dialogar um poss\u00edvel apoio com Kalil (PSD).<\/p>\n<p>Precisamos derrotar a pol\u00edtica privatista do governo Zema (NOVO), que quer privatizar CEMIG, faz acordos multimilion\u00e1rios com a Vale, n\u00e3o paga o piso salarial dos professores e ataca constantemente os direitos sociais, como o fim das pol\u00edticas de preven\u00e7\u00e3o \u00e0 criminalidade. N\u00e3o d\u00e1 para derrotar o projeto privatista do Zema com o Kalil, que na prefeitura de Belo Horizonte j\u00e1 demonstrou que est\u00e1 ao lado dos patr\u00f5es.<\/p>\n<p>Assim como no cen\u00e1rio estadual, somos contra a linha liquidacionsta da dire\u00e7\u00e3o majorit\u00e1ria do partido, que tenta acabar com o PSOL como instrumento de independ\u00eancia de classe.<\/p>\n<p>Defendemos a constru\u00e7\u00e3o de uma Frente de Esquerda, entre organiza\u00e7\u00f5es de esquerda que s\u00e3o contr\u00e1rias \u00e0 pol\u00edtica de concilia\u00e7\u00e3o de classes, assim como defendemos\u00a0 independ\u00eancia de classe do partido e que seja uma alternativa de fato para os trabalhadores.<\/p>\n<p>Defendemos que o PSOL tenha candidatura pr\u00f3pria ao governo do estado, que construa um programa em defesa dos trabalhadores e trabalhadoras.No PSOL temos mulheres de muita luta, que poderiam levar a frente esse projeto. A professora e lideran\u00e7a feminista Dirlene Marques e a Maria da Consola\u00e7\u00e3o s\u00e3o mulheres que j\u00e1 representaram a defesa dos trabalhadores e que seriam fortes nomes na constru\u00e7\u00e3o de uma candidatura e de um programa das trabalhadoras e trabalhadores, que passe pelo n\u00e3o pagamentos da d\u00edvida p\u00fablica, contra a LRF, para destinar o dinheiro para investimento em \u00e1reas sociais, garantindo emprego, sal\u00e1rio e sa\u00fade a fim de enfrentar a grave crise social do pa\u00eds.<\/p>\n<p>No mesmo sentido, constru\u00edmos a pr\u00e9-candidatura de Glauber Braga \u00e0 presid\u00eancia. \u00c9 necess\u00e1ria uma candidatura pr\u00f3pria do PSOL nacionalmente que que defenda o n\u00e3o pagamento da d\u00edvida p\u00fablica, a taxa\u00e7\u00e3o das grandes fortunas, para investir em sal\u00e1rio, emprego, moradia e servi\u00e7os p\u00fablicos, que lute pela revoga\u00e7\u00e3o das reformas que atacam os\/as\u00a0 trabalhadores\/as, que lute contra o racismo, o machismo, o patriarcado e a lgtbfobia. Um programa de esquerda para um PSOL sem patr\u00f5es!<\/p>\n<p>&nbsp;<\/p>\n<p>CST Minas Gerais<\/p>\n","protected":false},"excerpt":{"rendered":"<p>As discuss\u00f5es a respeito das elei\u00e7\u00f5es em 2022 no PSOL, fazem parte de um debate important\u00edssimo de quais ser\u00e3o os rumos do partido. No cen\u00e1rio nacional, o campo liderado pelo PSOL de Todas a Lutas (Primavera Socialista, Revolu\u00e7\u00e3o Solid\u00e1ria, e Campo Semente), expressa atrav\u00e9s de<\/p>\n","protected":false},"author":2,"featured_media":9241,"comment_status":"open","ping_status":"open","sticky":false,"template":"","format":"standard","meta":{"footnotes":""},"categories":[8],"tags":[],"class_list":["post-9240","post","type-post","status-publish","format-standard","has-post-thumbnail","hentry","category-debates-socialistas"],"_links":{"self":[{"href":"https:\/\/www.cstuit.com\/home\/wp-json\/wp\/v2\/posts\/9240","targetHints":{"allow":["GET"]}}],"collection":[{"href":"https:\/\/www.cstuit.com\/home\/wp-json\/wp\/v2\/posts"}],"about":[{"href":"https:\/\/www.cstuit.com\/home\/wp-json\/wp\/v2\/types\/post"}],"author":[{"embeddable":true,"href":"https:\/\/www.cstuit.com\/home\/wp-json\/wp\/v2\/users\/2"}],"replies":[{"embeddable":true,"href":"https:\/\/www.cstuit.com\/home\/wp-json\/wp\/v2\/comments?post=9240"}],"version-history":[{"count":0,"href":"https:\/\/www.cstuit.com\/home\/wp-json\/wp\/v2\/posts\/9240\/revisions"}],"wp:featuredmedia":[{"embeddable":true,"href":"https:\/\/www.cstuit.com\/home\/wp-json\/wp\/v2\/media\/9241"}],"wp:attachment":[{"href":"https:\/\/www.cstuit.com\/home\/wp-json\/wp\/v2\/media?parent=9240"}],"wp:term":[{"taxonomy":"category","embeddable":true,"href":"https:\/\/www.cstuit.com\/home\/wp-json\/wp\/v2\/categories?post=9240"},{"taxonomy":"post_tag","embeddable":true,"href":"https:\/\/www.cstuit.com\/home\/wp-json\/wp\/v2\/tags?post=9240"}],"curies":[{"name":"wp","href":"https:\/\/api.w.org\/{rel}","templated":true}]}}