

	{"id":9245,"date":"2022-03-16T23:49:45","date_gmt":"2022-03-16T23:49:45","guid":{"rendered":"https:\/\/www.cstuit.com\/home\/?p=9245"},"modified":"2022-03-16T23:49:45","modified_gmt":"2022-03-16T23:49:45","slug":"por-uma-chapa-majoritaria-do-psol-por-uma-frente-de-esquerda-e-socialista-contra-bolsonaro-e-os-barbalhos","status":"publish","type":"post","link":"https:\/\/www.cstuit.com\/home\/2022\/03\/16\/por-uma-chapa-majoritaria-do-psol-por-uma-frente-de-esquerda-e-socialista-contra-bolsonaro-e-os-barbalhos\/","title":{"rendered":"POR UMA CHAPA MAJORIT\u00c1RIA DO PSOL!  Por uma frente de esquerda e socialista, Contra Bolsonaro e os Barbalhos!"},"content":{"rendered":"<p>&nbsp;<\/p>\n<p><strong>Mariza Santos \u2013 Pr\u00e9-candidata ao Senado &amp; Fernando carneiro \u2013 Pr\u00e9-candidato ao Governo do Estado<\/strong><\/p>\n<p><a href=\"https:\/\/www.cstuit.com\/home\/wp-content\/uploads\/2022\/03\/mariza.jpg\"><img loading=\"lazy\" decoding=\"async\" class=\" wp-image-9246 aligncenter\" src=\"https:\/\/www.cstuit.com\/home\/wp-content\/uploads\/2022\/03\/mariza-1024x1024.jpg\" alt=\"\" width=\"425\" height=\"425\" srcset=\"https:\/\/www.cstuit.com\/home\/wp-content\/uploads\/2022\/03\/mariza-1024x1024.jpg 1024w, https:\/\/www.cstuit.com\/home\/wp-content\/uploads\/2022\/03\/mariza-150x150.jpg 150w, https:\/\/www.cstuit.com\/home\/wp-content\/uploads\/2022\/03\/mariza-300x300.jpg 300w, https:\/\/www.cstuit.com\/home\/wp-content\/uploads\/2022\/03\/mariza-768x768.jpg 768w, https:\/\/www.cstuit.com\/home\/wp-content\/uploads\/2022\/03\/mariza-50x50.jpg 50w, https:\/\/www.cstuit.com\/home\/wp-content\/uploads\/2022\/03\/mariza-600x600.jpg 600w, https:\/\/www.cstuit.com\/home\/wp-content\/uploads\/2022\/03\/mariza.jpg 1080w\" sizes=\"auto, (max-width: 425px) 100vw, 425px\" \/><\/a><\/p>\n<p>Neste ano de elei\u00e7\u00f5es, o PSOL e a esquerda socialista sem patr\u00f5es, tem duas grandes tarefas: 1) derrotar o projeto bolsonarista genocida da extrema-direita no pa\u00eds e aqui no estado do Par\u00e1, o governo dos ricos e latifundi\u00e1rios de Helder Barbalho, os tucanos e todos os seus candidatos, nas ruas e nas urnas e 2) reafirmar o projeto de independ\u00eancia de classe contra todas as variantes burguesas e patronais, inclusive contra a Frente Ampla de Lula\/Alckmin. Fundamos o PSOL h\u00e1 17 anos atr\u00e1s para ser uma alternativa de poder contra tudo o que est\u00e1 a\u00ed.<\/p>\n<p><strong>Contra Bolsonaro, Barbalhos e a direita. Sem concilia\u00e7\u00e3o de classe!<\/strong><\/p>\n<p>Helder Barbalho governa para os ricos e latifundi\u00e1rios de nosso estado. Basta vermos que o Or\u00e7amento atual do governo \u00e9 de R$ 31 bilh\u00f5es de reais e seus programas sociais \u2013 como o Renda Par\u00e1 \u2013 atingiram menos de 10% da popula\u00e7\u00e3o mais pobre de nosso Estado, chegando a m\u00edseros R$ 315 milh\u00f5es. Ou seja 1% apenas do or\u00e7amento do Estado para os mais pobres!<\/p>\n<p>Em mais de 3 anos de governo Helder, o Par\u00e1 tem, segundo os dados do Cadastro \u00fanico do governo federal e IBGE de 2021, mais de 3 milh\u00f5es de pessoas na faixa da extrema pobreza, ou seja, \u00a0cerca de 34, 88% dos paraenses (de uma popula\u00e7\u00e3o de 8,7 milh\u00f5es de pessoas). Al\u00e9m da pobreza extrema, temos um contingente\u00a0 de 500 mil desempregados no 1\u00ba trimestre de 2021, dos quais mais de 80% s\u00e3o negros e negras.<\/p>\n<p>Na Educa\u00e7\u00e3o, os \u00edndices do IDEB est\u00e3o abaixo de outros estados da regi\u00e3o norte, ficando em 22\u00ba segundo lugar entre todos os estados do pa\u00eds. Com dois anos de pandemia, Helder n\u00e3o reformou as escolas do estado, retornando as aulas sem estrutura adequada. Al\u00e9m de enfrentar a uma luta firme pelo pagamento do piso sal\u00e1rial<\/p>\n<p>Helder governa para uma minoria de ricos e latifundi\u00e1rios e agroneg\u00f3cio. Basta ver que foi o governo que sancionou, com apenas 33 dias de tramita\u00e7\u00e3o na Assembleia Legislativa, a Lei 8.878\/2019, a nova lei de terras, que abriu o caminho para legalizar a grilagem de terras no Estado. Na \u00e9poca, 60 organiza\u00e7\u00f5es pediram o veto a esta lei alertando que a nova legisla\u00e7\u00e3o beneficia a grilagem de terras.<\/p>\n<p>Em apenas um ano ap\u00f3s a aprova\u00e7\u00e3o da Lei, segundo a CPT (Comiss\u00e3o Pastoral da Terra), foram registrados 5.218 casos de fam\u00edlias que foram v\u00edtimas da grilagem contra 1.896 casos em 2019, um aumento de 175%! E tem na corrup\u00e7\u00e3o o m\u00e9todo da fam\u00edlia Barbalho, como vimos no desvio de 1,2 bilh\u00e3o na compra de respiradores para combater a covid-19.<\/p>\n<p>Por fim, n\u00e3o daremos tr\u00e9gua contra os candidatos bolsonaristas, de extrema-direita, os negacionistas e genocidas da pandemia da covid-19, seja Ed\u00e9r Mauro, Eguchi ou qualquer outro nome da horda bolsonarista. Estes senhores apoiam integralmente o Projeto de destrui\u00e7\u00e3o do pa\u00eds, a privatiza\u00e7\u00e3o das empresas p\u00fablicas e a famigerada PEC 32\/20, da destrui\u00e7\u00e3o dos servi\u00e7os p\u00fablicos. Tamb\u00e9m s\u00e3o fiadores da garimpagem em terras ind\u00edgenas da Amaz\u00f4nia, da destrui\u00e7\u00e3o do meio ambiente e da invas\u00e3o das terras p\u00fablicas por grileiros; assim como assinam embaixo da pol\u00edtica mis\u00f3gina, anti-feminista, racista e anti-LGBT deste governo de extrema-direita.<\/p>\n<p>Para n\u00f3s, os barbalhos, tucanos e bolsonaristas s\u00e3o todos farinha do mesmo saco! Tem diferen\u00e7as nas formas, mas de conte\u00fado s\u00e3o todos anti-povo e exploradores da classe trabalhadora. \u00c9 tarefa do PSOL no Estado derrotar todos esses representantes da burguesia!<\/p>\n<p><strong>Chamamos a milit\u00e2ncia do PSOL a batalhar por uma candidatura pr\u00f3pria do PSOL<\/strong><\/p>\n<p>A grande vit\u00f3ria pol\u00edtica que conquistamos em 2020 na cidade de Bel\u00e9m, derrotando o candidato bolsonarista da extrema direita, Eguchi, e elegendo Edmilson Rodrigues prefeito, deveria ter impulsionado a esquerda e os movimentos sociais para serem oposi\u00e7\u00e3o ao governo Helder Barbalho no Estado. Mas, o que se viu foi uma dilui\u00e7\u00e3o do partido nas \u00e1guas da fam\u00edlia Barbalho e a falta de uma oposi\u00e7\u00e3o efetiva ao governo Bolsonaro a partir da prefeitura, a tal ponto que hoje, o setor majorit\u00e1rio do PSOL, dirigido por Edmilson Rodrigues e a Deputada Marinor Brito, est\u00e3o a reboque das verbas do governo Helder e at\u00e9\u00a0 hoje sequer apresentaram um nome representativo\u00a0 do partido para a disputa do governo do Estado.<\/p>\n<p>Hoje, s\u00e3o esses setores majorit\u00e1rios que defendem a pol\u00edtica da Frente Ampla j\u00e1 no primeiro turno com Lula, que integrar\u00e1 o palanque de Helder no Estado. Al\u00e9m de serem favor\u00e1veis a uma federa\u00e7\u00e3o partid\u00e1ria com a REDE sustentabilidade que \u00e9 parte do escal\u00e3o do secretariado de Helder em frente a SECULT com Ursula Vidal, partido esse financiado pelo Ita\u00fa, uma armadilha burguesa que tenta diluir os partido ideol\u00f3gicos da esquerda e favorecer os grandes aparatos burgueses. Somos frontalmente contr\u00e1rios a essa pol\u00edtica que liquida o car\u00e1ter fundacional do PSOL.<\/p>\n<p>Nossa pr\u00e9-candidatura ser\u00e1 a porta-voz da proposta de uma Frente de Esquerda verdadeira, integrando o PSOL, O PSTU, O PCB e a UP, os partidos que verdadeiramente estiveram nas ruas lutando contra o negacionismo dessa governo genocida, que impulsionaram as mobiliza\u00e7\u00f5es pelo Fora Bolsonaro no ano de 2021, que infelizmente, foram enterradas pela dire\u00e7\u00e3o\u00a0 do PT, por Lula e pela CUT. Essa \u00e9 a \u00fanica Federa\u00e7\u00e3o que defendemos, da esquerda, para enfrentar Bolsonaro e seus aliados nos Estados, para combater Helder Barbalho e os patr\u00f5es e latifundi\u00e1rios de nosso Estado.<\/p>\n<p><strong>PSOL sem patr\u00f5es! Propomos as pr\u00e9-candidaturas de Mariza Santos ao Senado e Fernando Carneiro ao governo e de Glauber Braga \u00e0 presid\u00eancia da Rep\u00fablica.<\/strong><\/p>\n<p>Nossa pr\u00e9-candidatura tamb\u00e9m quer reafirmar o projeto de funda\u00e7\u00e3o do PSOL e lutar para que nosso partido tenha uma candidatura pr\u00f3pria, lil\u00e1s e n\u00e3o laranja, conectada as greves e lutas aos movimentos sociais que lutam por sal\u00e1rio, como os trabalhadores da Cosampa em greve por reajuste salarial<\/p>\n<p>; por emprego, terra e o meio ambiente; os que lutam contra todo tipo de discrimina\u00e7\u00e3o, as mulheres que lutam contra o machismo e a viol\u00eancia, os negros que lutam contra o racismo estrutural todos os dias, o movimento LGBTQIA+ que faz uma resist\u00eancia e luta por direitos. Ou seja: nos lan\u00e7amos para defender os direitos e as conquistas da classe trabalhadora!<\/p>\n<p>Nesse sentido somos parte dos que defendem a pr\u00e9-candidatura do companheiro Glauber Braga \u00e0 presid\u00eancia,\u00a0 Fernando Carneiro governador e da companheira Mariza Santos ao senado.<\/p>\n<p><strong>Trajet\u00f3ria combativa e militante de Mariza Santos<\/strong><\/p>\n<p>Mariza Santos \u00e9 assistente social formada pela UFPA, nascida na cidade de Camet\u00e1.<\/p>\n<p>Trabalhadora, negra e feminista, foi fundadora do PSOL em 2004, integrando sua primeira Dire\u00e7\u00e3o Estadual e integrante da Corrente Socialista de Trabalhadoras e Trabalhadores ( CST-PSOL)<\/p>\n<p>Come\u00e7ou sua milit\u00e2ncia no movimento estudantil no in\u00edcio do ano 1990, participando da grande conquista hist\u00f3rica dos estudantes, que foi a luta pela meia-passagem sem burocracia no ano de 1991. Nesse per\u00edodo foi dirigente do Centro Acad\u00eamico de Servi\u00e7o Social.<\/p>\n<p>\u00c9 militante de longa trajet\u00f3ria\u00a0 nos movimentos sindical e popular, participando do apoio a ocupa\u00e7\u00f5es rurais do movimento sem-terra, da ocupa\u00e7\u00e3o Che Guevara, nos piquetes de incont\u00e1veis greves rodovi\u00e1rias, e dos servidores federais e da UFPA.<\/p>\n<p>Militante da Csp-Conlutas, hoje \u00e9 trabalhadora do SINTSEP\/PA, por onde acompanha e ajuda a organiza\u00e7\u00e3o das lutas das servidoras e servidores p\u00fablicos federais.<\/p>\n","protected":false},"excerpt":{"rendered":"<p>&nbsp; Mariza Santos \u2013 Pr\u00e9-candidata ao Senado &amp; Fernando carneiro \u2013 Pr\u00e9-candidato ao Governo do Estado Neste ano de elei\u00e7\u00f5es, o PSOL e a esquerda socialista sem patr\u00f5es, tem duas grandes tarefas: 1) derrotar o projeto bolsonarista genocida da extrema-direita no pa\u00eds e aqui no<\/p>\n","protected":false},"author":2,"featured_media":9246,"comment_status":"open","ping_status":"open","sticky":false,"template":"","format":"standard","meta":{"footnotes":""},"categories":[8],"tags":[],"class_list":["post-9245","post","type-post","status-publish","format-standard","has-post-thumbnail","hentry","category-debates-socialistas"],"_links":{"self":[{"href":"https:\/\/www.cstuit.com\/home\/wp-json\/wp\/v2\/posts\/9245","targetHints":{"allow":["GET"]}}],"collection":[{"href":"https:\/\/www.cstuit.com\/home\/wp-json\/wp\/v2\/posts"}],"about":[{"href":"https:\/\/www.cstuit.com\/home\/wp-json\/wp\/v2\/types\/post"}],"author":[{"embeddable":true,"href":"https:\/\/www.cstuit.com\/home\/wp-json\/wp\/v2\/users\/2"}],"replies":[{"embeddable":true,"href":"https:\/\/www.cstuit.com\/home\/wp-json\/wp\/v2\/comments?post=9245"}],"version-history":[{"count":0,"href":"https:\/\/www.cstuit.com\/home\/wp-json\/wp\/v2\/posts\/9245\/revisions"}],"wp:featuredmedia":[{"embeddable":true,"href":"https:\/\/www.cstuit.com\/home\/wp-json\/wp\/v2\/media\/9246"}],"wp:attachment":[{"href":"https:\/\/www.cstuit.com\/home\/wp-json\/wp\/v2\/media?parent=9245"}],"wp:term":[{"taxonomy":"category","embeddable":true,"href":"https:\/\/www.cstuit.com\/home\/wp-json\/wp\/v2\/categories?post=9245"},{"taxonomy":"post_tag","embeddable":true,"href":"https:\/\/www.cstuit.com\/home\/wp-json\/wp\/v2\/tags?post=9245"}],"curies":[{"name":"wp","href":"https:\/\/api.w.org\/{rel}","templated":true}]}}