

	{"id":9257,"date":"2022-03-17T19:13:08","date_gmt":"2022-03-17T19:13:08","guid":{"rendered":"https:\/\/www.cstuit.com\/home\/?p=9257"},"modified":"2022-03-17T19:13:08","modified_gmt":"2022-03-17T19:13:08","slug":"apos-4-anos-gritamos-quem-mandou-matar-marielle","status":"publish","type":"post","link":"https:\/\/www.cstuit.com\/home\/2022\/03\/17\/apos-4-anos-gritamos-quem-mandou-matar-marielle\/","title":{"rendered":"Ap\u00f3s 4 anos, gritamos: Quem mandou matar Marielle?"},"content":{"rendered":"<p><strong>Bruna Gomes \u2013 Mulheres da CST-PSOL<\/strong><\/p>\n<p><strong>Rosi Messias \u2013 DN PSOL e Coordena\u00e7\u00e3o da CST<\/strong><\/p>\n<p>No dia 14 de mar\u00e7o de 2022 completam-se quatros anos do brutal assassinato da vereadora Marielle Franco e de Anderson Gomes. A investiga\u00e7\u00e3o sobre o crime vem se arrastando lentamente ao longo desses anos, apesar das cobran\u00e7as da fam\u00edlia, amigos e colegas de partido, apoiados por vozes que se levantaram em todo o mundo exigindo justi\u00e7a.<\/p>\n<p>Os acusados pela execu\u00e7\u00e3o do crime, Ronnie Lessa (sargento reformado da Pol\u00edcia Militar) e \u00c9lcio Queiroz (Ex-PM) foram presos somente ap\u00f3s um ano da morte de Marielle e Anderson e at\u00e9 hoje n\u00e3o se sabe quem foram os mandantes e as reais motiva\u00e7\u00f5es do crime. As investiga\u00e7\u00f5es apontaram que Lessa pesquisou sobre a vida de Marielle meses antes da execu\u00e7\u00e3o. O hist\u00f3rico da investiga\u00e7\u00e3o envolve entre os suspeitos n\u00e3o apenas integrantes das mil\u00edcias que t\u00eam proximidade com a fam\u00edlia do presidente Jair Bolsonaro, mas, tamb\u00e9m, de pol\u00edticos do Rio de Janeiro. Enquanto isso, j\u00e1 estamos no quinto delegado respons\u00e1vel pelo inqu\u00e9rito, o que mostra poss\u00edveis interfer\u00eancias nas investiga\u00e7\u00f5es e uma grande neglig\u00eancia por parte dos governos. Uma das grandes e corretas reclama\u00e7\u00f5es da fam\u00edlia da Marielle \u00e9 que seguem sem informa\u00e7\u00f5es sobre como andam as investiga\u00e7\u00f5es e o porqu\u00ea do \u201ctroca-troca\u201d de delegados.<\/p>\n<p>O Governador do Rio de Janeiro, Cl\u00e1udio Castro (PL), inaugurou, no \u00faltimo s\u00e1bado, dia 16 de fevereiro, o programa \u201cBairro Seguro\u201d, em Santa Teresa, um dos principais pontos tur\u00edsticos do estado. Durante a cerim\u00f4nia, Castro homenageou a vereadora Marielle Franco, morta a tiros h\u00e1 3 anos e 7 meses. No evento, estava o deputado estadual Rodrigo Amorim (PSL), que quebrou uma placa dedicada \u00e0 parlamentar em 2018. Ap\u00f3s Marielle ter sido citada pelo governador, Amorim aplaudiu. Um esc\u00e1rnio contra a mem\u00f3ria de nossa companheira!<\/p>\n<p><strong>\u00c9 preciso continuar a mobiliza\u00e7\u00e3o at\u00e9 que os mandantes sejam presos!<\/strong><\/p>\n<p>O crime cometido contra Marielle n\u00e3o pode ficar impune! \u00c9 necess\u00e1rio seguir a investiga\u00e7\u00e3o a fundo e saber quais s\u00e3o os pol\u00edticos envolvidos nesse crime brutal. O PSOL precisa estar \u00e0 frente das mobiliza\u00e7\u00f5es e garantir que elas sejam permanentes, que lutem por justi\u00e7a para Marielle e Anderson. O 8 de mar\u00e7o tem mobilizado milhares de mulheres em todo Brasil. Dentre as principais pautas defendidas, al\u00e9m da luta contra Bolsonaro e a Reforma da Previd\u00eancia, est\u00e1 presente, tamb\u00e9m, a luta por Justi\u00e7a por Marielle! Esse tem que ser o papel do 8 de mar\u00e7o, um recado importante para o Governo Bolsonaro e Cl\u00e1udio Castro: as mulheres n\u00e3o dar\u00e3o tr\u00e9gua a esses governos! Exigimos Justi\u00e7a por Marielle e o fim dos ataques \u00e0s mulheres trabalhadoras.<\/p>\n<p>\u00c9 necess\u00e1rio investigar quais setores do poder pol\u00edtico tinham interesse na morte de Marielle e por qual motivo. Cabe ao PSOL, organiza\u00e7\u00f5es de direitos humanos, centrais sindicais e partidos pol\u00edticos constru\u00edrem uma jornada nacional de lutas exigindo Justi\u00e7a para Marielle e Anderson, para que os mandantes desse brutal crime sejam julgados e presos. Devemos colocar de p\u00e9 uma Comiss\u00e3o independente com organiza\u00e7\u00f5es democr\u00e1ticas e dos movimentos sociais, com a OAB, ABI, Centrais, Sindicatos, movimentos negros e feministas, juntamente de personalidades internacionais de renomado reconhecimento na \u00e1rea dos direitos humanos e liberdades democr\u00e1ticas para uma investiga\u00e7\u00e3o a fundo.<\/p>\n<p>Marielle e Anderson, presentes! Hoje e sempre!<\/p>\n","protected":false},"excerpt":{"rendered":"<p>Bruna Gomes \u2013 Mulheres da CST-PSOL Rosi Messias \u2013 DN PSOL e Coordena\u00e7\u00e3o da CST No dia 14 de mar\u00e7o de 2022 completam-se quatros anos do brutal assassinato da vereadora Marielle Franco e de Anderson Gomes. A investiga\u00e7\u00e3o sobre o crime vem se arrastando lentamente<\/p>\n","protected":false},"author":1,"featured_media":9258,"comment_status":"open","ping_status":"open","sticky":false,"template":"","format":"standard","meta":{"footnotes":""},"categories":[5],"tags":[1730,565,1731],"class_list":["post-9257","post","type-post","status-publish","format-standard","has-post-thumbnail","hentry","category-nacional","tag-4anos","tag-marielle","tag-quemmandoumatar"],"_links":{"self":[{"href":"https:\/\/www.cstuit.com\/home\/wp-json\/wp\/v2\/posts\/9257","targetHints":{"allow":["GET"]}}],"collection":[{"href":"https:\/\/www.cstuit.com\/home\/wp-json\/wp\/v2\/posts"}],"about":[{"href":"https:\/\/www.cstuit.com\/home\/wp-json\/wp\/v2\/types\/post"}],"author":[{"embeddable":true,"href":"https:\/\/www.cstuit.com\/home\/wp-json\/wp\/v2\/users\/1"}],"replies":[{"embeddable":true,"href":"https:\/\/www.cstuit.com\/home\/wp-json\/wp\/v2\/comments?post=9257"}],"version-history":[{"count":0,"href":"https:\/\/www.cstuit.com\/home\/wp-json\/wp\/v2\/posts\/9257\/revisions"}],"wp:featuredmedia":[{"embeddable":true,"href":"https:\/\/www.cstuit.com\/home\/wp-json\/wp\/v2\/media\/9258"}],"wp:attachment":[{"href":"https:\/\/www.cstuit.com\/home\/wp-json\/wp\/v2\/media?parent=9257"}],"wp:term":[{"taxonomy":"category","embeddable":true,"href":"https:\/\/www.cstuit.com\/home\/wp-json\/wp\/v2\/categories?post=9257"},{"taxonomy":"post_tag","embeddable":true,"href":"https:\/\/www.cstuit.com\/home\/wp-json\/wp\/v2\/tags?post=9257"}],"curies":[{"name":"wp","href":"https:\/\/api.w.org\/{rel}","templated":true}]}}