

	{"id":9286,"date":"2022-03-24T19:59:54","date_gmt":"2022-03-24T19:59:54","guid":{"rendered":"https:\/\/www.cstuit.com\/home\/?p=9286"},"modified":"2022-05-02T20:36:51","modified_gmt":"2022-05-02T20:36:51","slug":"editorial-dar-continuidade-a-luta-e-construir-uma-frente-de-esquerda-e-socialista-combate-socialista-n149","status":"publish","type":"post","link":"https:\/\/www.cstuit.com\/home\/2022\/03\/24\/editorial-dar-continuidade-a-luta-e-construir-uma-frente-de-esquerda-e-socialista-combate-socialista-n149\/","title":{"rendered":"EDITORIAL | Unificar as greves, paralisa\u00e7\u00f5es e lutas numa jornada nacional | Combate Socialista n\u00b0149"},"content":{"rendered":"<p><img loading=\"lazy\" decoding=\"async\" class=\"size-medium wp-image-9288 alignleft\" src=\"https:\/\/www.cstuit.com\/home\/wp-content\/uploads\/2022\/03\/3-28-300x300.png\" alt=\"\" width=\"300\" height=\"300\" srcset=\"https:\/\/www.cstuit.com\/home\/wp-content\/uploads\/2022\/03\/3-28-300x300.png 300w, https:\/\/www.cstuit.com\/home\/wp-content\/uploads\/2022\/03\/3-28-150x150.png 150w, https:\/\/www.cstuit.com\/home\/wp-content\/uploads\/2022\/03\/3-28-768x768.png 768w, https:\/\/www.cstuit.com\/home\/wp-content\/uploads\/2022\/03\/3-28-1024x1024.png 1024w, https:\/\/www.cstuit.com\/home\/wp-content\/uploads\/2022\/03\/3-28-50x50.png 50w, https:\/\/www.cstuit.com\/home\/wp-content\/uploads\/2022\/03\/3-28-600x600.png 600w, https:\/\/www.cstuit.com\/home\/wp-content\/uploads\/2022\/03\/3-28.png 1080w\" sizes=\"auto, (max-width: 300px) 100vw, 300px\" \/><\/p>\n<p>Os protestos do 8M foram um passo importante no sentido de reconstruir a mobiliza\u00e7\u00e3o nacional unificada. As mulheres, como vanguarda das lutas contra Bolsonaro, conseguiram realizar bons atos na ampla maioria das capitais, afirmando com for\u00e7a as pautas feministas e da oposi\u00e7\u00e3o nas ruas. Atos pelo Fora Bolsonaro\/Damares, contra a pol\u00edtica econ\u00f4mica de Paulo Guedes, a viol\u00eancia machista, em rep\u00fadio ao deputado Arthur do Val e em apoio \u00e0s mulheres ucranianas, por Justi\u00e7a para Marielle. Tamb\u00e9m pudemos expressar nossa indigna\u00e7\u00e3o contra o racismo e a xenofobia exigindo justi\u00e7a para Mo\u00efse, Durval e Heitor.<\/p>\n<p><strong>Chega de corpo mole: convocar novos protestos nacionais!<\/strong><\/p>\n<p>Foi uma demonstra\u00e7\u00e3o de que podemos recuperar a unidade nas lutas contra o governo Bolsonaro\/Mour\u00e3o e batalhar para retomar o caminho das fortes manifesta\u00e7\u00f5es nacionais do ano passado. \u00c9 necess\u00e1rio redobrar a exig\u00eancia\u00a0para que as lideran\u00e7as da campanha Fora Bolsonaro e das Frentes Povo Sem Medo e Brasil Popular (CUT, CTB, MST, UNE e MTST) convoquem a VI Plen\u00e1ria de Organiza\u00e7\u00e3o das Lutas Populares\u00a0e assim avaliar o 8M e em seguida dar continuidade \u00e0 luta. Do mesmo modo, exigir que o Conclat convocado pela CUT, CTB e demais centrais sindicais seja um evento de unifica\u00e7\u00e3o das reivindica\u00e7\u00f5es da classe trabalhadora e n\u00e3o somente um evento eleitoreiro (ver p\u00e1ginas centrais). \u00c9 preciso e necess\u00e1rio uma ampla unidade de a\u00e7\u00e3o nas ruas, com a\u00e7\u00f5es coordenadas nos locais de trabalho e moradia, contra o governo genocida de Bolsonaro\/Mour\u00e3o, por reajuste de sal\u00e1rio e redu\u00e7\u00e3o dos pre\u00e7os dos alimentos e tarifas.<\/p>\n<p><strong>Reunir Glauber e a esquerda do PSOL, P\u00e9ricles e a UP, Sofia e o PCB, Vera e o PSTU<\/strong><\/p>\n<p>Em nosso jornal temos insistido que a classe trabalhadora e os setores populares mantenham sua independ\u00eancia pol\u00edtica. Ao lado da luta unificada &#8211; com tudo e todos que estejam dispostos a fazer passeatas e greves \u2013 devemos construir um projeto pol\u00edtico sem a presen\u00e7a dos patr\u00f5es. Hoje significa combater o projeto reformista de frente ampla com os patr\u00f5es e seus representantes. O que est\u00e1 expresso na chapa de colabora\u00e7\u00e3o de classes liderada por Lula e Alckmin (que inclui articula\u00e7\u00f5es com corrutos capitalista do DEM e PSD, partidos que possuem cargos no governo Bolsonaro). \u00c9 o caminho de alian\u00e7a com nossos inimigos de classe que sempre significa derrotas e desmoraliza\u00e7\u00f5es para nossa classe. Por isso, n\u00f3s, da CST, defendemos agrupar os que hoje n\u00e3o est\u00e3o nesse projeto. Reunir num mesmo espa\u00e7o para dialogar com os camaradas Glauber Braga e as lideran\u00e7as das esquerdas do PSOL, Leonardo P\u00e9ricles e a UP, Sofia Manzano e o PCB, Vera L\u00facia e o PSTU, juntamente com as for\u00e7as do Povo na Rua, do Polo Socialista e Revolucion\u00e1rio, bem como socialistas independentes, visando construir uma frente de esquerda e socialista para as lutas e as elei\u00e7\u00f5es, nacionalmente e em cada estado. Dialogar sobre essa hip\u00f3tese \u2013 garantida a autonomia e ritmo de cada organiza\u00e7\u00e3o \u2013 \u00e9 uma necessidade.\u00a0A CST reivindica essa pol\u00edtica e segue lutando por sa\u00eddas de fundo para a crise do pa\u00eds, pelo n\u00e3o pagamento da d\u00edvida p\u00fablica e pela taxa\u00e7\u00e3o das grandes fortunas para investir esse dinheiro em benef\u00edcio da classe trabalhadora, no caminho de construir um Brasil socialista.<\/p>\n","protected":false},"excerpt":{"rendered":"<p>Os protestos do 8M foram um passo importante no sentido de reconstruir a mobiliza\u00e7\u00e3o nacional unificada. As mulheres, como vanguarda das lutas contra Bolsonaro, conseguiram realizar bons atos na ampla maioria das capitais, afirmando com for\u00e7a as pautas feministas e da oposi\u00e7\u00e3o nas ruas. Atos<\/p>\n","protected":false},"author":1,"featured_media":9287,"comment_status":"open","ping_status":"open","sticky":false,"template":"","format":"standard","meta":{"footnotes":""},"categories":[135],"tags":[139,180,110,1131,32],"class_list":["post-9286","post","type-post","status-publish","format-standard","has-post-thumbnail","hentry","category-editorial","tag-combate","tag-cst-psol","tag-editorial","tag-greves","tag-nacional"],"_links":{"self":[{"href":"https:\/\/www.cstuit.com\/home\/wp-json\/wp\/v2\/posts\/9286","targetHints":{"allow":["GET"]}}],"collection":[{"href":"https:\/\/www.cstuit.com\/home\/wp-json\/wp\/v2\/posts"}],"about":[{"href":"https:\/\/www.cstuit.com\/home\/wp-json\/wp\/v2\/types\/post"}],"author":[{"embeddable":true,"href":"https:\/\/www.cstuit.com\/home\/wp-json\/wp\/v2\/users\/1"}],"replies":[{"embeddable":true,"href":"https:\/\/www.cstuit.com\/home\/wp-json\/wp\/v2\/comments?post=9286"}],"version-history":[{"count":0,"href":"https:\/\/www.cstuit.com\/home\/wp-json\/wp\/v2\/posts\/9286\/revisions"}],"wp:featuredmedia":[{"embeddable":true,"href":"https:\/\/www.cstuit.com\/home\/wp-json\/wp\/v2\/media\/9287"}],"wp:attachment":[{"href":"https:\/\/www.cstuit.com\/home\/wp-json\/wp\/v2\/media?parent=9286"}],"wp:term":[{"taxonomy":"category","embeddable":true,"href":"https:\/\/www.cstuit.com\/home\/wp-json\/wp\/v2\/categories?post=9286"},{"taxonomy":"post_tag","embeddable":true,"href":"https:\/\/www.cstuit.com\/home\/wp-json\/wp\/v2\/tags?post=9286"}],"curies":[{"name":"wp","href":"https:\/\/api.w.org\/{rel}","templated":true}]}}