

	{"id":9332,"date":"2022-04-12T16:39:32","date_gmt":"2022-04-12T16:39:32","guid":{"rendered":"https:\/\/www.cstuit.com\/home\/?p=9332"},"modified":"2022-04-12T16:39:32","modified_gmt":"2022-04-12T16:39:32","slug":"editorial-unificar-os-protestos-por-uma-jornada-nacional-de-lutas-combate-socialista-n150","status":"publish","type":"post","link":"https:\/\/www.cstuit.com\/home\/2022\/04\/12\/editorial-unificar-os-protestos-por-uma-jornada-nacional-de-lutas-combate-socialista-n150\/","title":{"rendered":"EDITORIAL | Unificar os protestos por uma jornada nacional de lutas | Combate Socialista n\u00b0150"},"content":{"rendered":"<p><img loading=\"lazy\" decoding=\"async\" class=\"size-medium wp-image-9334 alignleft\" src=\"https:\/\/www.cstuit.com\/home\/wp-content\/uploads\/2022\/04\/3-29-300x300.png\" alt=\"\" width=\"300\" height=\"300\" srcset=\"https:\/\/www.cstuit.com\/home\/wp-content\/uploads\/2022\/04\/3-29-300x300.png 300w, https:\/\/www.cstuit.com\/home\/wp-content\/uploads\/2022\/04\/3-29-150x150.png 150w, https:\/\/www.cstuit.com\/home\/wp-content\/uploads\/2022\/04\/3-29-768x768.png 768w, https:\/\/www.cstuit.com\/home\/wp-content\/uploads\/2022\/04\/3-29-1024x1024.png 1024w, https:\/\/www.cstuit.com\/home\/wp-content\/uploads\/2022\/04\/3-29-50x50.png 50w, https:\/\/www.cstuit.com\/home\/wp-content\/uploads\/2022\/04\/3-29-600x600.png 600w, https:\/\/www.cstuit.com\/home\/wp-content\/uploads\/2022\/04\/3-29.png 1080w\" sizes=\"auto, (max-width: 300px) 100vw, 300px\" \/><\/p>\n<p>Uma onda de lutas\u00a0por aumento de sal\u00e1rios\u00a0se alastra pelo pa\u00eds afora.\u00a0As\u00a0ruas do Rio de Janeiro continuam lotadas de lixo, devido \u00e0 forte greve dos garis, que heroicamente est\u00e3o enfrentando a postura intransigente e repressora do prefeito Eduardo Paes e a trai\u00e7\u00e3o do sindicato que quer desmontar a luta pelo reajuste de 15%.\u00a0Enquanto fechamos esta edi\u00e7\u00e3o, essa greve est\u00e1 ocorrendo e todos os nossos esfor\u00e7os s\u00e3o para sua vit\u00f3ria\u00a0(ver p\u00e1gs. 6 e 7)<\/p>\n<p>Categorias do servi\u00e7o p\u00fablico federal, como INSS, Banco Central e Minist\u00e9rio P\u00fablico do Trabalho est\u00e3o em greve. Em Minas Gerais, continua em greve a educa\u00e7\u00e3o estadual, a municipal de Belo Horizonte e a CSN de Congonhas. Os trabalhadores municipais da Funpapa e da educa\u00e7\u00e3o de Bel\u00e9m (PA) est\u00e3o em greve e realizaram fortes atos unificados frente \u00e0 prefeitura do governo de Edmilson Rodrigues, do PSOL.\u00a0\u00a0Em Niter\u00f3i\u2013RJ, os professionais da sa\u00fade municipal lutam por reajuste e contra o plano de privatiza\u00e7\u00e3o da sa\u00fade p\u00fablica do prefeito Axel Grael (PDT).<\/p>\n<p>Todas essas lutas respondem \u00e0 profunda crise econ\u00f4mica\u00a0e social\u00a0do pa\u00eds.\u00a0O governo\u00a0Bolsonaro continua beneficiando com bilh\u00f5es dos cofres p\u00fablicos aos banqueiros e aos ricos do agroneg\u00f3cio, enquanto a classe trabalhadora e o povo desempregado n\u00e3o tem nem como comprar o p\u00e3o e o caf\u00e9 de cada dia.\u00a0Os governadores e prefeitos da velha direita, como Zema (NOVO), Helder Barbalho (MDB) ou Eduardo Paes (PSD) s\u00e3o parte ativa desses ataques.<\/p>\n<p><strong>Vamos aos atos do dia 9\/4 pelo Fora Bolsonaro<\/strong><\/p>\n<p>A indigna\u00e7\u00e3o pressionou as dire\u00e7\u00f5es do movimento, que\u00a0seguem com eixo de\u00a0que a mudan\u00e7a s\u00f3 seria poss\u00edvel elegendo Lula em outubro de 2022\u00a0numa alian\u00e7a com os patr\u00f5es e seus representantes. O\u00a0f\u00f3rum da Campanha Fora Bolsonaro (dirigida majoritariamente pela CUT, CTB, PT e PCdoB) marcou atos nos estados para o dia 9 de abril com a convocat\u00f3ria \u201cBolsonaro nunca mais!\u00a0Contra o aumento dos combust\u00edveis e do g\u00e1s! N\u00e3o \u00e0 fome e ao desemprego!\u201d.\u00a0Para que esse calend\u00e1rio saia do papel de forma efetiva temos que propor nas reuni\u00f5es de constru\u00e7\u00e3o desses atos a retomada da consigna Fora Bolsonaro, que unificou e levou \u00e0 rua milhares durante o ano de 2021. Bolsonaro tem que ser derrotado agora, e n\u00e3o d\u00e1 para aguentar at\u00e9 outubro sem reajuste de sal\u00e1rios e com a infla\u00e7\u00e3o subindo os 10%.<\/p>\n<p><strong>N\u00e3o vamos ao CONCLAT dos pelegos<\/strong><\/p>\n<p>As centrais sindicais chamaram o CONCLAT com o objetivo de aprovar o apoio\u00a0\u00e0 frente ampla de\u00a0Lula\/Alckmin\u00a0nas pr\u00f3ximas elei\u00e7\u00f5es gerais. A CSP-Conlutas n\u00e3o participar\u00e1 do evento, visto que este deveria acontecer para organizar a unifica\u00e7\u00e3o e o fortalecimento das lutas, em vez de se limitar ao atrelamento do calend\u00e1rio eleitoral.\u00a0Defendemos que as centrais e sindicatos combativos realizem um f\u00f3rum nacional alternativo, classista e de luta.<\/p>\n<p><strong>Exigir da CUT, CTB e demais centrais e unifica\u00e7\u00e3o das lutas<\/strong><\/p>\n<p>\u00c9 necess\u00e1rio apostar na unifica\u00e7\u00e3o e na constru\u00e7\u00e3o de um calend\u00e1rio nacional de lutas por reajuste salarial e emprego, pela revoga\u00e7\u00e3o de todas as reformas, contra as privatiza\u00e7\u00f5es e pela reestatiza\u00e7\u00e3o dos servi\u00e7os privatizados, contra o racismo, o machismo e a lgtbfobia. Temos que deixar de encher os bolsos dos banqueiros, n\u00e3o pagar a d\u00edvida p\u00fablica,\u00a0taxar as grandes fortunas\u00a0e investir em sal\u00e1rios, empregos e servi\u00e7os p\u00fablicos de qualidade.<\/p>\n<p><strong>Construir uma Frente de Esquerda e Socialista<\/strong><\/p>\n<p>Ao lado das lutas unificadas, precisamos reafirmar a independ\u00eancia pol\u00edtica da classe trabalhadora. A esquerda do PSOL, a UP, PCB, PSTU, o Povo na Rua e o Polo Socialista e Revolucion\u00e1rio podem e devem se agrupar numa reuni\u00e3o nacional. Nossa proposta \u00e9 a constru\u00e7\u00e3o de uma Frente de Esquerda e Socialista nacional e nos estados, para as lutas e elei\u00e7\u00f5es. Trata-se de um passo inicial para a batalha estrat\u00e9gica\u00a0com o objetivo de alcan\u00e7ar um governo dos trabalhadores, no caminho de construir um Brasil socialista.<\/p>\n","protected":false},"excerpt":{"rendered":"<p>Uma onda de lutas\u00a0por aumento de sal\u00e1rios\u00a0se alastra pelo pa\u00eds afora.\u00a0As\u00a0ruas do Rio de Janeiro continuam lotadas de lixo, devido \u00e0 forte greve dos garis, que heroicamente est\u00e3o enfrentando a postura intransigente e repressora do prefeito Eduardo Paes e a trai\u00e7\u00e3o do sindicato que quer<\/p>\n","protected":false},"author":1,"featured_media":9333,"comment_status":"open","ping_status":"open","sticky":false,"template":"","format":"standard","meta":{"footnotes":""},"categories":[135],"tags":[162,1296,1310,110,1131,1232],"class_list":["post-9332","post","type-post","status-publish","format-standard","has-post-thumbnail","hentry","category-editorial","tag-brasil","tag-cst","tag-cstpsol","tag-editorial","tag-greves","tag-lutas"],"_links":{"self":[{"href":"https:\/\/www.cstuit.com\/home\/wp-json\/wp\/v2\/posts\/9332","targetHints":{"allow":["GET"]}}],"collection":[{"href":"https:\/\/www.cstuit.com\/home\/wp-json\/wp\/v2\/posts"}],"about":[{"href":"https:\/\/www.cstuit.com\/home\/wp-json\/wp\/v2\/types\/post"}],"author":[{"embeddable":true,"href":"https:\/\/www.cstuit.com\/home\/wp-json\/wp\/v2\/users\/1"}],"replies":[{"embeddable":true,"href":"https:\/\/www.cstuit.com\/home\/wp-json\/wp\/v2\/comments?post=9332"}],"version-history":[{"count":0,"href":"https:\/\/www.cstuit.com\/home\/wp-json\/wp\/v2\/posts\/9332\/revisions"}],"wp:featuredmedia":[{"embeddable":true,"href":"https:\/\/www.cstuit.com\/home\/wp-json\/wp\/v2\/media\/9333"}],"wp:attachment":[{"href":"https:\/\/www.cstuit.com\/home\/wp-json\/wp\/v2\/media?parent=9332"}],"wp:term":[{"taxonomy":"category","embeddable":true,"href":"https:\/\/www.cstuit.com\/home\/wp-json\/wp\/v2\/categories?post=9332"},{"taxonomy":"post_tag","embeddable":true,"href":"https:\/\/www.cstuit.com\/home\/wp-json\/wp\/v2\/tags?post=9332"}],"curies":[{"name":"wp","href":"https:\/\/api.w.org\/{rel}","templated":true}]}}