

	{"id":9391,"date":"2022-06-04T17:43:07","date_gmt":"2022-06-04T17:43:07","guid":{"rendered":"https:\/\/www.cstuit.com\/home\/?p=9391"},"modified":"2022-09-16T13:27:08","modified_gmt":"2022-09-16T13:27:08","slug":"editorial-a-posicao-da-cst-nas-eleicoes-combate-socialista-n153","status":"publish","type":"post","link":"https:\/\/www.cstuit.com\/home\/2022\/06\/04\/editorial-a-posicao-da-cst-nas-eleicoes-combate-socialista-n153\/","title":{"rendered":"EDITORIAL | A posi\u00e7\u00e3o da CST nas elei\u00e7\u00f5es | Combate Socialista n\u00b0153"},"content":{"rendered":"<p style=\"font-weight: 400;\">O governo de Bolsonaro significou, at\u00e9 o momento, 600 mil mortes, 20 milh\u00f5es de pessoas passando fome e aumento do desemprego. Tudo est\u00e1 muito caro, os sal\u00e1rios est\u00e3o arrochados e n\u00e3o sobra dinheiro pro g\u00e1s, luz ou \u00f4nibus. Mais de 1 milh\u00e3o de pessoas est\u00e3o sem receber o Aux\u00edlio Brasil, numa \u201cfila de espera\u201d. Bolsonaro defende a Ditadura de 1964, as chacinas dos negros e ind\u00edgenas e lidera um governo capitalista ultrarreacion\u00e1rio da corrup\u00e7\u00e3o na compra de vacinas, caminh\u00f5es de lixo ou cart\u00e3o corporativo.<\/p>\n<p style=\"font-weight: 400;\"><strong>A indigna\u00e7\u00e3o contra Bolsonaro \u00e9 alta<\/strong><\/p>\n<p style=\"font-weight: 400;\">O genoc\u00eddio e a queda do n\u00edvel de vida desgastam o bolsonarismo. Nas elei\u00e7\u00f5es municipais de 2020, vimos esse enfraquecimento quando as candidaturas da extrema direita foram derrotadas. Em 2021, a indigna\u00e7\u00e3o popular se expressou nas manifesta\u00e7\u00f5es pelo Fora Bolsonaro, por sal\u00e1rio, emprego e servi\u00e7os p\u00fablicos. Bolsonaro \u00e9 o primeiro presidente que tenta reelei\u00e7\u00e3o e n\u00e3o lidera as pesquisas. Segundo o Datafolha, 55% declaram que\u00a0<em>\u201cn\u00e3o votariam em Bolsonaro de jeito nenhum\u201d<\/em>. A insatisfa\u00e7\u00e3o social, combinada \u00e0 possibilidade de derrota eleitoral, leva Bolsonaro a questionar as urnas eletr\u00f4nicas. Esse discurso autorit\u00e1rio busca unificar eleitores para fugir dos problemas do arrocho salarial, fome e o desemprego. As ideias ultrarreacion\u00e1rias de Bolsonaro devem ser combatidas j\u00e1, sem subestim\u00e1-lo, com uma mobiliza\u00e7\u00e3o nacional unificada\u00a0<em>(ver box).<\/em><\/p>\n<p style=\"font-weight: 400;\">O desgaste bolsonarista se expressa no crescimento eleitoral da chapa Lula\/Alckmin, que lidera as pesquisas e possui chance de vit\u00f3ria no primeiro turno.<\/p>\n<p style=\"font-weight: 400;\"><strong>A frente ampla Lula\/Alckmin \u00e9 a sa\u00edda?<\/strong><\/p>\n<p style=\"font-weight: 400;\">S\u00e3o milh\u00f5es de trabalhadores e jovens, com maior ou menor entusiasmo, que pensam em utilizar o voto na frente ampla de Lula\/Alckmin para derrotar o bolsonarismo e resolver nossos problemas. Entendemos essa ideia, mas discordamos. A CST avalia que Lula\/Alckmin n\u00e3o s\u00e3o uma alternativa real para a classe trabalhadora.<\/p>\n<p style=\"font-weight: 400;\">As elei\u00e7\u00f5es s\u00e3o um per\u00edodo em que o povo trabalhador pensa em quem deve governar. Os projetos que se apresentam no primeiro turno s\u00e3o uma oportunidade para debater os rumos do pa\u00eds. N\u00f3s, socialistas revolucion\u00e1rios, devemos ir \u00e0 raiz dos problemas e divulgar propostas dos explorados e oprimidos, sendo radicais na defesa da independ\u00eancia pol\u00edtica da classe trabalhadora, algo que a maioria da esquerda abandonou.<\/p>\n<p style=\"font-weight: 400;\"><strong>Lula est\u00e1 com os patr\u00f5es e representantes dos patr\u00f5es<\/strong><\/p>\n<p style=\"font-weight: 400;\">O Lula est\u00e1 com os patr\u00f5es e representantes dos patr\u00f5es. Trata-se de uma coliga\u00e7\u00e3o que tem como vice Geraldo Alckmin, ex-presidente do PSDB, antes chamado de \u201cfascista\u201d e \u201cgolpista\u201d pelo PT. Ele governou SP atacando a USP, UNICAMP, escolas p\u00fablicas, secundaristas e metrovi\u00e1rios. Seu governo foi marcado por repress\u00e3o \u00e0 ocupa\u00e7\u00e3o do Pinheirinho, al\u00e9m de corrup\u00e7\u00e3o na constru\u00e7\u00e3o de rodovias e merendas. Alckmin \u00e9 da Opus Dei, a extrema direita do Vaticano. Apoiou o impeachment, Temer e ficou neutro no segundo turno de Bolsonaro e Haddad em 2018. O PSDB de Alckmin governou o pa\u00eds nos anos 1990, privatizando a Vale, Telebras, empresas estaduais (Banerj, transportes, CEG\/RJ) e assassinando trabalhadores sem terra em Eldorado dos Caraj\u00e1s\/PA. N\u00e3o \u00e9 um \u201ccompanheiro\u201d.<\/p>\n<p style=\"font-weight: 400;\">A frente ampla envolve partidos burgueses, como REDE e PSB, o corrupto Renan Calheiros (MDB) e setores do PSD, que possui minist\u00e9rios no governo Bolsonaro. Al\u00e9m disso, ocorrem reuni\u00f5es com magnatas. Gleisi Hoffmann, Guido Mantega e\u00a0Fernando Haddad reuniram com Ab\u00edlio Diniz (Pen\u00ednsula), Fl\u00e1vio Rocha\u00a0(Riachuelo), C\u00e2ndido Pinheiro\u00a0(Hapvida), Eug\u00eanio Mattar\u00a0(Localiza),\u00a0Jan Jereissati (Ambev), Jos\u00e9 Olympio (Credit Suiss), Ricardo Saad (Band), Washington Cinel (empres\u00e1rio bolsonarista), etc. O PT\u00a0<em>baixou a cabe\u00e7a<\/em>\u00a0para os bilion\u00e1rios:\u00a0\u201c<em>n\u00e3o h\u00e1 ningu\u00e9m com mais disposi\u00e7\u00e3o de conciliar do que o presidente Lula<\/em>\u201d<em>\u00a0<\/em>disse Gleisi;\u00a0\u201c<em>\u00c9 o Lula conciliador&#8230; Ele far\u00e1 um governo de centro<\/em>\u201d<em>,<\/em>\u00a0declarou Mantega, que elogiou o presidente do Banco Central de Bolsonaro;\u00a0\u201c<em>O PT n\u00e3o \u00e9 um partido de esquerda<\/em>\u201d<em>,<\/em>\u00a0falou Haddad. Tudo para tranquilizar empres\u00e1rios e banqueiros. A\u00a0alian\u00e7a com patr\u00f5es n\u00e3o vai solucionar nossos problemas. Para reverter o arrocho e o desemprego \u00e9 preciso atacar empres\u00e1rios, banqueiros e multinacionais.<\/p>\n<p style=\"font-weight: 400;\"><strong>As propostas da frente ampla n\u00e3o solucionam os problemas do povo trabalhador<\/strong><\/p>\n<p style=\"font-weight: 400;\">Os discursos de Lula atraem trabalhadores e jovens cansados do genoc\u00eddio bolsonarista. Lula constata que existe uma crise social, mas nunca apresenta uma sa\u00edda concreta. O\u00a0PT n\u00e3o prop\u00f5e a\u00a0<em>revoga\u00e7\u00e3o<\/em>\u00a0da reforma da previd\u00eancia. Lula critica a reforma trabalhista apenas defendendo o retorno do imposto sindical aos pelegos das centrais sindicais, mas se nega a revog\u00e1-la de conjunto. Fala vagamente de diminuir a informalidade por meio de uma comiss\u00e3o tripartite (patr\u00f5es, centrais e governo), cuja composi\u00e7\u00e3o n\u00e3o pode garantir avan\u00e7os. Apesar das cr\u00edticas ao teto de gastos, ele segue defendendo a responsabilidade fiscal e o pagamento da d\u00edvida externa e interna aos banqueiros. N\u00e3o tem propostas concretas no tema democr\u00e1tico para punir os torturadores da Ditadura e p\u00f4r fim \u00e0 PM racista.<\/p>\n<p style=\"font-weight: 400;\">No encontro com as Centrais Sindicais, afirmou:\u00a0\u201c<em>N\u00f3s vamos estudar esse documento e chamar empres\u00e1rios para conversar&#8230; Queremos chamar as centrais, mas tamb\u00e9m o presidente da CNI, da Fiesp e da Febraban, para saber o compromisso de cada um em reconstruir esse pa\u00eds<\/em>\u201d. A Febraban arrocha sal\u00e1rios e demite banc\u00e1rios e terceirizados. O Benjamin Steinbruch, da CSN, congelou sal\u00e1rios e demitiu grevistas. A FIESP organizou o impeachment de Dilma e sustentou Temer e Bolsonaro. O Ab\u00edlio Diniz elogia a gest\u00e3o econ\u00f4mica de Bolsonaro. Ou seja, as propostas e programas com patr\u00f5es n\u00e3o servem. Eles n\u00e3o v\u00e3o deixar de nos explorar e oprimir.<\/p>\n<p style=\"font-weight: 400;\"><strong>Lula e o PT j\u00e1 governaram em alian\u00e7a com os patr\u00f5es e isso n\u00e3o deu certo<\/strong><\/p>\n<p style=\"font-weight: 400;\">O PT j\u00e1 governou o pa\u00eds por 13 anos em alian\u00e7as com os patr\u00f5es. Primeiro com Lula\/Jos\u00e9 Alencar (PT\/PL) e depois com Dilma\/Michel Temer (PT\/PMDB). Lula fala como se esses 13 anos tivessem sido um\u00a0<em>para\u00edso na terra<\/em>. Mas n\u00e3o foi assim. O PT governou para e com os empres\u00e1rios e as multinacionais, aplicando reformas da previd\u00eancia, privatiza\u00e7\u00f5es dos Hospitais Universit\u00e1rios, leil\u00f5es das bacias petrol\u00edferas e desinvestimento da Petrobras. Em seus governos tivemos a usina de Belo Monte, a libera\u00e7\u00e3o de transg\u00eanicos, o ajuste Dilma\/Levy e cortes de verbas das universidades. Foi o PT que criou a repressora For\u00e7a de Seguran\u00e7a Nacional, a lei de drogas, que ampliou as pris\u00f5es da juventude negra, realizou as ocupa\u00e7\u00f5es militares nas favelas do RJ e a lei antiterrorismo. O PT atuou por dentro dos esquemas da rep\u00fablica dos ricos e entrou na corrup\u00e7\u00e3o da compra de votos, desvios na Petrobras e obras para a Copa da FIFA.<\/p>\n<p style=\"font-weight: 400;\">As pol\u00edticas sociais focalizadas, orientadas pelo Banco Mundial, mostraram sua insufici\u00eancia e o mal-estar social explodiu nas jornadas de junho de 2013. N\u00e3o esquecemos que Alckmin e o prefeito Haddad realizaram juntos o aumento das passagens e a repress\u00e3o \u00e0s jornadas de junho e aos protestos contra a FIFA. O PT perdeu base social e a burguesia rompeu com o PT, realizando o impeachment e apostando em Temer para acelerar o ajuste fiscal. Essa fal\u00eancia do projeto de concilia\u00e7\u00e3o de classes, a decep\u00e7\u00e3o das massas com os maiores partidos (PT, PSDB, MDB) e a forte crise econ\u00f4mica abriram espa\u00e7o para a extrema direita vencer as elei\u00e7\u00f5es.<\/p>\n<p style=\"font-weight: 400;\">Atualmente, os governadores e prefeitos lulistas apoiaram a reforma da previd\u00eancia de Paulo Guedes e aplicaram reformas da previd\u00eancia ou pacotes de ajustes fiscais contra os servidores. Entregaram a base de Alc\u00e2ntara aos EUA no Maranh\u00e3o, atacaram as universidades na Bahia e reprimiram manifesta\u00e7\u00f5es antifascistas em Pernambuco.<\/p>\n<p style=\"font-weight: 400;\"><strong>O PSOL fortalece a frente ampla e abandona o projeto de ser um partido independente<\/strong><\/p>\n<p style=\"font-weight: 400;\">A frente ampla de Lula\/Alckmin se fortaleceu\u00a0com a ades\u00e3o do PSOL a essa coliga\u00e7\u00e3o. O PSOL definiu, tamb\u00e9m, realizar uma federa\u00e7\u00e3o com a REDE, um partido ligado ao Ita\u00fa. Isso significa o abandono do car\u00e1ter de esquerda independente do PSOL. A dire\u00e7\u00e3o do PSOL n\u00e3o apenas deu o voto para a frente ampla Lula\/Alckmin; eles comp\u00f5em chapa na justi\u00e7a eleitoral, a coordena\u00e7\u00e3o de campanha e elaboram um programa para o futuro governo. Est\u00e3o na frente ampla por op\u00e7\u00e3o pr\u00f3pria, porque concordam com essa linha. Eles rejeitaram a proposta de candidatura de Glauber Braga \u00e0 presid\u00eancia, negando-se a utilizar o primeiro turno para apresentar as propostas da classe trabalhadora e do povo. Tudo para encaixar o PSOL no futuro governo burgu\u00eas de Lula\/Alckmin.<\/p>\n<p style=\"font-weight: 400;\">Por isso, a CST n\u00e3o vai apoiar a decis\u00e3o do PSOL de votar em Lula\/Alckmin. Defendemos <a href=\"https:\/\/www.cstuit.com\/home\/index.php\/2022\/03\/17\/manifesto-psol-sem-patroes\/\">um PSOL sem patr\u00f5es, lutando pelo PSOL das origens<\/a>. Somos psolistas radicais, que apoiam a pr\u00e9-candidatura de Vera L\u00facia, do Polo Socialista e Revolucion\u00e1rio, para fortalecer uma alternativa de esquerda independente. Apoiamos Vera L\u00facia e as pr\u00e9-candidaturas aos governos dos estados e ao Senado do Polo para fortalecer uma esquerda que defende o n\u00e3o pagamento da d\u00edvida e um plano de emerg\u00eancia econ\u00f4mico oper\u00e1rio e popular;\u00a0para combater os\u00a0pelegos e burocratas vendidos e construir uma nova dire\u00e7\u00e3o democr\u00e1tica e de luta nos sindicatos e movimentos sociais; para apoiar as lutas da classe trabalhadora, estudantes, das mulheres, negros e negras e ambientais.\u00a0Propomos uma Frente de Esquerda e Socialista, que unifique o Polo, a UP, PCB e as esquerdas do PSOL (ver p\u00e1g. 11). Queremos uma alternativa que n\u00e3o se una aos pol\u00edticos patronais e lute por uma mudan\u00e7a de fundo, por um governo da classe trabalhadora, rumo a um Brasil socialista (veja propostas program\u00e1ticas na p\u00e1gina 6).<\/p>\n","protected":false},"excerpt":{"rendered":"<p>O governo de Bolsonaro significou, at\u00e9 o momento, 600 mil mortes, 20 milh\u00f5es de pessoas passando fome e aumento do desemprego. Tudo est\u00e1 muito caro, os sal\u00e1rios est\u00e3o arrochados e n\u00e3o sobra dinheiro pro g\u00e1s, luz ou \u00f4nibus. Mais de 1 milh\u00e3o de pessoas est\u00e3o<\/p>\n","protected":false},"author":1,"featured_media":9392,"comment_status":"open","ping_status":"open","sticky":false,"template":"","format":"standard","meta":{"footnotes":""},"categories":[135],"tags":[1296,110,24,1755,37],"class_list":["post-9391","post","type-post","status-publish","format-standard","has-post-thumbnail","hentry","category-editorial","tag-cst","tag-editorial","tag-eleicoes","tag-polosocialista","tag-psol"],"_links":{"self":[{"href":"https:\/\/www.cstuit.com\/home\/wp-json\/wp\/v2\/posts\/9391","targetHints":{"allow":["GET"]}}],"collection":[{"href":"https:\/\/www.cstuit.com\/home\/wp-json\/wp\/v2\/posts"}],"about":[{"href":"https:\/\/www.cstuit.com\/home\/wp-json\/wp\/v2\/types\/post"}],"author":[{"embeddable":true,"href":"https:\/\/www.cstuit.com\/home\/wp-json\/wp\/v2\/users\/1"}],"replies":[{"embeddable":true,"href":"https:\/\/www.cstuit.com\/home\/wp-json\/wp\/v2\/comments?post=9391"}],"version-history":[{"count":0,"href":"https:\/\/www.cstuit.com\/home\/wp-json\/wp\/v2\/posts\/9391\/revisions"}],"wp:featuredmedia":[{"embeddable":true,"href":"https:\/\/www.cstuit.com\/home\/wp-json\/wp\/v2\/media\/9392"}],"wp:attachment":[{"href":"https:\/\/www.cstuit.com\/home\/wp-json\/wp\/v2\/media?parent=9391"}],"wp:term":[{"taxonomy":"category","embeddable":true,"href":"https:\/\/www.cstuit.com\/home\/wp-json\/wp\/v2\/categories?post=9391"},{"taxonomy":"post_tag","embeddable":true,"href":"https:\/\/www.cstuit.com\/home\/wp-json\/wp\/v2\/tags?post=9391"}],"curies":[{"name":"wp","href":"https:\/\/api.w.org\/{rel}","templated":true}]}}