

	{"id":9399,"date":"2022-06-07T00:28:48","date_gmt":"2022-06-07T00:28:48","guid":{"rendered":"https:\/\/www.cstuit.com\/home\/?p=9399"},"modified":"2022-06-07T00:28:48","modified_gmt":"2022-06-07T00:28:48","slug":"sobre-nossa-proposta-de-frente-de-esquerda-socialista","status":"publish","type":"post","link":"https:\/\/www.cstuit.com\/home\/2022\/06\/07\/sobre-nossa-proposta-de-frente-de-esquerda-socialista\/","title":{"rendered":"Sobre nossa proposta de Frente de Esquerda Socialista"},"content":{"rendered":"<p>Z\u00e9 Maria, dirigente nacional do PSTU, fez uma pol\u00eamica h\u00e1 poucas semanas com os setores da esquerda que, como n\u00f3s, defendem a necessidade da constru\u00e7\u00e3o de uma Frente de Esquerda Socialista para as pr\u00f3ximas elei\u00e7\u00f5es. O centro de sua argumenta\u00e7\u00e3o reside no seguinte racioc\u00ednio:<\/p>\n<p>\u201c<em>S\u00f3 tem sentido uma frente de esquerda para as elei\u00e7\u00f5es se isso fortalecer a defesa do programa socialista e uma perspectiva revolucion\u00e1ria para a luta da nossa classe, ou seja, a defesa da luta e da organiza\u00e7\u00e3o independente da nossa classe e a necessidade de uma revolu\u00e7\u00e3o socialista para mudarmos o pa\u00eds. Fazer uma frente com partidos ou organiza\u00e7\u00f5es que n\u00e3o defendem esse projeto n\u00e3o vai somar nessa defesa, vai enfraquec\u00ea-la.<\/em>\u201d<\/p>\n<p>Em resumo, para o PSTU, fazer qualquer tipo de frente eleitoral com organiza\u00e7\u00f5es que n\u00e3o defendem uma estrat\u00e9gia socialista e revolucion\u00e1ria enfraquece a luta dos revolucion\u00e1rios. A partir dessa posi\u00e7\u00e3o expressada pelos camaradas, queremos fraternalmente debater nas linhas abaixo.<\/p>\n<p><strong>Uma quest\u00e3o t\u00e1tica da luta revolucion\u00e1ria<\/strong><\/p>\n<p>A ideia de que fazer frentes eleitorais com organiza\u00e7\u00f5es que n\u00e3o defendem a estrat\u00e9gia revolucion\u00e1ria por si s\u00f3 enfraquece a luta pela revolu\u00e7\u00e3o socialista \u00e9, na nossa opini\u00e3o, equivocada. Al\u00e9m disso, parece-nos que eleva uma t\u00e1tica eleitoral a uma quest\u00e3o de princ\u00edpios.\u00a0Os socialistas revolucion\u00e1rios participam das elei\u00e7\u00f5es burguesas para defender a independ\u00eancia de classe e divulgar nosso programa em dire\u00e7\u00e3o a um governo da classe trabalhadora e, assim, fortalecer nossas organiza\u00e7\u00f5es revolucion\u00e1rias. Toda t\u00e1tica que ajude esses objetivos pode ser \u00fatil.<\/p>\n<p>O PSTU, assim como n\u00f3s, reivindica a tradi\u00e7\u00e3o da Converg\u00eancia Socialista (nossa antecessora), que, por exemplo, ficou 12 anos como uma corrente interna do PT, fazendo, obviamente, frentes eleitorais com correntes reformistas durante todo o ascenso do movimento oper\u00e1rio nos anos 1980. Depois de fazer frentes eleitorais com as correntes reformistas e contrarrevolucion\u00e1rias do PT, o PSTU, j\u00e1 ap\u00f3s a expuls\u00e3o da Converg\u00eancia do PT, fez diversas frentes eleitorais com PT, PCdoB, PSOL e PCB. Na maioria das elei\u00e7\u00f5es que participou desde sua funda\u00e7\u00e3o, a organiza\u00e7\u00e3o do camarada Z\u00e9 Maria esteve ou prop\u00f4s (como em 2014) frentes eleitorais com partidos e organiza\u00e7\u00f5es que n\u00e3o compartilham da nossa estrat\u00e9gia revolucion\u00e1ria.<\/p>\n<p>Por\u00e9m, se formos \u201cdescer \u00e0 terra\u201d a ideia central de seu texto escrito para essas elei\u00e7\u00f5es, exposta na introdu\u00e7\u00e3o do texto, o pr\u00f3prio PSTU, ao formar essas frentes por tantas vezes, teria enfraquecido o seu pr\u00f3prio projeto revolucion\u00e1rio.<\/p>\n<p>Para n\u00f3s, trata-se de um debate t\u00e1tico, que leva em considera\u00e7\u00e3o cada momento pol\u00edtico. Todos nossos mestres (Lenin, Trotsky e Moreno) dirigiram partidos que fizeram frentes eleitorais com partidos reformistas. O marco, para n\u00f3s, trata-se de ter uma pol\u00edtica de independ\u00eancia de classe nas elei\u00e7\u00f5es, defendendo a ideia de que a classe trabalhadora deve confiar somente nas suas pr\u00f3prias for\u00e7as e nas elei\u00e7\u00f5es dar seus votos para quem n\u00e3o est\u00e1 (ao menos no momento) aliado aos patr\u00f5es. A batalha contra a ideia de alian\u00e7a entre trabalhadores e patr\u00f5es, difundida pela ampla maioria da esquerda em n\u00edvel nacional e internacional, \u00e9 chave em cada elei\u00e7\u00e3o que participamos.<\/p>\n<p><strong>Qual FES propomos para as pr\u00f3ximas elei\u00e7\u00f5es?<\/strong><\/p>\n<p>Para n\u00f3s, as elei\u00e7\u00f5es de 2022 t\u00eam uma linha divis\u00f3ria categ\u00f3rica dentro da esquerda brasileira: quem comp\u00f5e a frente ampla encabe\u00e7ada por Lula e Alckmin e apoiada por PT, PSOL e pelas centrais sindicais majorit\u00e1rias, por um lado, e quem n\u00e3o a comp\u00f5e, por outro. A batalha pela independ\u00eancia pol\u00edtica da nossa classe nas pr\u00f3ximas elei\u00e7\u00f5es passar\u00e1 por uma explica\u00e7\u00e3o paciente sobre o porqu\u00ea consideramos que a classe trabalhadora n\u00e3o tem nada a ganhar em uma frente com os patr\u00f5es, como prop\u00f5e Lula e a burocracia sindical.<\/p>\n<p>Nesse sentido, para as pr\u00f3ximas elei\u00e7\u00f5es, acreditamos que \u00e9 poss\u00edvel construir um programa m\u00ednimo e uma chapa comum com as organiza\u00e7\u00f5es que est\u00e3o contra formar essa frente com a burguesia. Quem se apresenta com essa pol\u00edtica, al\u00e9m de n\u00f3s, que compomos o Polo Socialista e Revolucion\u00e1rio, \u00e9 a Unidade Popular e o PCB, duas organiza\u00e7\u00f5es que n\u00e3o s\u00e3o trotskistas. Obviamente temos diversas pol\u00eamicas com esses partidos, que manteremos, mas, no sentido de fazer frente \u00e0 onda eleitoral lulista que se avizinha, acreditamos que \u00e9 poss\u00edvel um acordo eleitoral com eles. As organiza\u00e7\u00f5es do PSOL que n\u00e3o est\u00e3o de acordo com o apoio \u00e0 chapa Lula-Alckmin tamb\u00e9m seriam bem vindas. Nesse marco, acreditamos que estar\u00edamos mais fortes para enfrentar a pol\u00edtica de concilia\u00e7\u00e3o de classes da maioria da esquerda. Ter\u00edamos uma candidatura que, ainda que pequena, seria melhor e mais forte do que tr\u00eas candidaturas \u00e0 esquerda da frente ampla divididas.<\/p>\n<p><strong>O recente exemplo chileno e a pol\u00edtica da LIT<\/strong><\/p>\n<p>Surpreende-nos que, totalmente na contram\u00e3o da ideia que esbo\u00e7a Z\u00e9 Maria em seu texto, est\u00e1 o MIT, organiza\u00e7\u00e3o chilena que comp\u00f5e a LIT-QI, mesma organiza\u00e7\u00e3o internacional do PSTU. H\u00e1 menos de um ano atr\u00e1s, o MIT comp\u00f4s a frente eleitoral \u201c<em>Lista del Pueblo<\/em>\u201d, repleta de oportunistas eleitorais e sem um programa anticapitalista. Uma lista dos que se diziam \u201ccontra os partidos\u201d. Para compor essa lista \u201campla\u201d e sem nenhum perfil classista, o MIT negou-se a compor a Frente de Unidade da Classe Trabalhadora, composta pelo nosso partido irm\u00e3o, o MST, que tamb\u00e9m comp\u00f5e a Unidade Internacional de Trabalhadoras e Trabalhadores (UIT-QI), e o PTR, vinculado \u00e0 Fra\u00e7\u00e3o Trotskista, representada no Brasil pelo MRT. O MIT conseguiu eleger uma deputada constituinte, Mar\u00eda Rivera, mas, mesmo assim, poucos meses ap\u00f3s a elei\u00e7\u00e3o, a <em>Lista del Pueblo<\/em> explodiu em uma briga oportunista de aparato.<\/p>\n<p><strong>Um debate que segue em aberto<\/strong><\/p>\n<p>Acreditamos que esse debate deve seguir dentro do Polo Socialista e Revolucion\u00e1rio e da esquerda que est\u00e1 contra a ades\u00e3o ao projeto de concilia\u00e7\u00e3o de classes lulista.\u00a0Fica colocada a pergunta aos camaradas do PSTU e da LIT-QI: Qual a pol\u00edtica eleitoral correta? A da se\u00e7\u00e3o chilena da LIT-QI ou a do PSTU?\u00a0Quais as diferen\u00e7as que a LIT v\u00ea no Chile, onde \u00e9 correto, na sua opini\u00e3o, fazer uma frente com\u00a0setores reformistas, ecologistas\u00a0e organiza\u00e7\u00f5es que n\u00e3o s\u00e3o revolucion\u00e1rias?\u00a0Do nosso ponto de vista h\u00e1 uma incoer\u00eancia.\u00a0De forma fraterna, devemos continuar esse di\u00e1logo para que possamos ter a melhor t\u00e1tica eleitoral. De nossa parte, propomos a Frente de Esquerda como uma t\u00e1tica para o enfrentamento atual ao bolsonarismo e ao projeto de concilia\u00e7\u00e3o de classes no qual est\u00e1 embarcando a maior parte da esquerda brasileira.<\/p>\n","protected":false},"excerpt":{"rendered":"<p>Z\u00e9 Maria, dirigente nacional do PSTU, fez uma pol\u00eamica h\u00e1 poucas semanas com os setores da esquerda que, como n\u00f3s, defendem a necessidade da constru\u00e7\u00e3o de uma Frente de Esquerda Socialista para as pr\u00f3ximas elei\u00e7\u00f5es. O centro de sua argumenta\u00e7\u00e3o reside no seguinte racioc\u00ednio: \u201cS\u00f3<\/p>\n","protected":false},"author":1,"featured_media":9400,"comment_status":"open","ping_status":"open","sticky":false,"template":"","format":"standard","meta":{"footnotes":""},"categories":[8],"tags":[1296,1310,1756,183,1714,1755,37,177],"class_list":["post-9399","post","type-post","status-publish","format-standard","has-post-thumbnail","hentry","category-debates-socialistas","tag-cst","tag-cstpsol","tag-fes","tag-frente-de-esquerda","tag-polo","tag-polosocialista","tag-psol","tag-pstu"],"_links":{"self":[{"href":"https:\/\/www.cstuit.com\/home\/wp-json\/wp\/v2\/posts\/9399","targetHints":{"allow":["GET"]}}],"collection":[{"href":"https:\/\/www.cstuit.com\/home\/wp-json\/wp\/v2\/posts"}],"about":[{"href":"https:\/\/www.cstuit.com\/home\/wp-json\/wp\/v2\/types\/post"}],"author":[{"embeddable":true,"href":"https:\/\/www.cstuit.com\/home\/wp-json\/wp\/v2\/users\/1"}],"replies":[{"embeddable":true,"href":"https:\/\/www.cstuit.com\/home\/wp-json\/wp\/v2\/comments?post=9399"}],"version-history":[{"count":0,"href":"https:\/\/www.cstuit.com\/home\/wp-json\/wp\/v2\/posts\/9399\/revisions"}],"wp:featuredmedia":[{"embeddable":true,"href":"https:\/\/www.cstuit.com\/home\/wp-json\/wp\/v2\/media\/9400"}],"wp:attachment":[{"href":"https:\/\/www.cstuit.com\/home\/wp-json\/wp\/v2\/media?parent=9399"}],"wp:term":[{"taxonomy":"category","embeddable":true,"href":"https:\/\/www.cstuit.com\/home\/wp-json\/wp\/v2\/categories?post=9399"},{"taxonomy":"post_tag","embeddable":true,"href":"https:\/\/www.cstuit.com\/home\/wp-json\/wp\/v2\/tags?post=9399"}],"curies":[{"name":"wp","href":"https:\/\/api.w.org\/{rel}","templated":true}]}}