

	{"id":96,"date":"2012-01-07T21:05:00","date_gmt":"2012-01-07T21:05:00","guid":{"rendered":"https:\/\/www.cstuit.com\/home\/index.php\/2012\/01\/07\/arquivoid-9131\/"},"modified":"2012-01-07T21:05:00","modified_gmt":"2012-01-07T21:05:00","slug":"arquivoid-9131","status":"publish","type":"post","link":"https:\/\/www.cstuit.com\/home\/2012\/01\/07\/arquivoid-9131\/","title":{"rendered":"Enchentes: RESPONSABILIDADE CRIMINOSA DO GOVERNO FEDERAL E DOS &#8230;"},"content":{"rendered":"<p>| Coordena\u00e7\u00e3o da CST<\/p>\n<p>RESPONSABILIDADE CRIMINOSA DO GOVERNO FEDERAL E DOS GOVERNADORES PELAS TRAGEDIAS HUMANAS CAUSADAS PELAS ENCHENTES<\/p>\n<p>\u00a0<\/p>\n<p>Aus\u00eancia de pol\u00edticas preventivas, prioriza\u00e7\u00e3o das verbas para banqueiros e corrup\u00e7\u00e3o dos pol\u00edticos est\u00e3o na raiz do drama da \u00e9poca das chuvas.<\/p>\n<p>\u00a0Todos sabem que esse \u00e9 o per\u00edodo das maiores chuvas, sobretudo na regi\u00e3o Sudeste. Al\u00e9m disso, as mudan\u00e7as clim\u00e1ticas dos \u00faltimos anos transformaram em rotina o aumento das precipita\u00e7\u00f5es. Num \u00fanico dia ou em poucos dias cai toda a \u00e1gua prevista para um m\u00eas inteiro, como aconteceu no RJ, deixando uma das vitrines do pa\u00eds debaixo d\u2019\u00e1gua. No norte e nordeste a situa\u00e7\u00e3o n\u00e3o \u00e9 diferente, como vimos no Maranh\u00e3o ou no Par\u00e1.<\/p>\n<p>Todas sabem, mas os governantes e os pol\u00edticos n\u00e3o fazem nada. Dilma come\u00e7ou seu governo durante as fortes chuvas que atingiram a regi\u00e3o serrana do Rio de Janeiro, estado onde outros desastres afetaram a popula\u00e7\u00e3o de Niter\u00f3i e Angra dos Reis. Ela integrava o governo Lula, quando as \u00e1guas arrasaram Santa Catarina. Portanto, sabia o que aconteceria no in\u00edcio de ano.<\/p>\n<p>Por isso os fen\u00f4menos naturais se transformam em desastres sociais, drama que aflige milhares de fam\u00edlias ano ap\u00f3s ano: perdas de vidas e de moradias em enchentes e deslizamentos. De forma cruel, desabrigados e desalojados v\u00e3o se transformando em chav\u00f5es rotineiros no notici\u00e1rio nacional. Enquanto isso, ministros e pol\u00edticos exibem o mais absoluto cinismo diante dos jornalistas.<\/p>\n<p>O governo Dilma e os governos estaduais de Sergio Cabral (PMDB-RJ) e Anastasia (PSDB-MG) s\u00e3o respons\u00e1veis pelas cat\u00e1strofes que neste momento afetam dois importantes estados da federa\u00e7\u00e3o. Tanto o bloco governante, PT e PMDB, como a falsa oposi\u00e7\u00e3o do PSDB nada oferecem ao povo trabalhador para evitar essa situa\u00e7\u00e3o. Pior, sua pol\u00edtica elitista em rela\u00e7\u00e3o \u00e0 Copa do Mundo e as Olimp\u00edadas, desalojando popula\u00e7\u00f5es pobres, produzir\u00e1 o aumento das fam\u00edlias que habitam \u00e1reas de risco.<\/p>\n<p>\u00c9 criminoso que 90% das verbas destinadas ao combate e preven\u00e7\u00e3o de enchentes, do Minist\u00e9rio da Integra\u00e7\u00e3o Nacional, sejam canalizadas unicamente para Recife (PE), cidade do Ministro Fernando Bezerra. Ele favoreceu unicamente seu partido, o PSB, que governa o Estado, e sobre tudo tem como objetivo favorecer sua candidatura para a disputa da prefeitura em 2012, em detrimento de milhares de fam\u00edlias que perderam familiares, casas e pertences.<\/p>\n<p>O PSB apenas repete a pr\u00e1tica j\u00e1 instalada no Minist\u00e9rio desde a gest\u00e3o de Geddel Vieira do PMDB, que centralizou os recursos da pasta para correligion\u00e1rios da Bahia. Tudo isso foi e \u00e9 feito com sob coordena\u00e7\u00e3o do governo Federal. Essa \u00e9 a l\u00f3gica do atual regime pol\u00edtico, onde o dinheiro p\u00fablico \u00e9 embolsado por deputados, senadores, ministros e secret\u00e1rios, governadores, etc. e \u00e9 usado em benef\u00edcio dos partidos, em primeiro lugar da chamada \u201cbase aliada\u201d. Desta forma, o Executivo retribui a sua \u201cbase\u201d os votos para seus projetos de ajuste, privatiza\u00e7\u00f5es e favorecimento do capital financeiro.<\/p>\n<p>E h\u00e1 um problema maior, apontado pela Auditoria Cidad\u00e3 da D\u00edvida: a soma dos recursos destinados \u00e0 preven\u00e7\u00e3o de cat\u00e1strofes \u00e9 muito pequena. Frente ao que se destina aos banqueiros, os recursos do Minist\u00e9rio s\u00e3o irris\u00f3rios. O pagamento dos juros e amortiza\u00e7\u00e3o da d\u00edvida p\u00fablica consumiu 45% do or\u00e7amento federal em 2011, totalizando R$ 708 bilh\u00f5es. Por dia, o pa\u00eds paga quase R$ 2 bilh\u00f5es aos agiotas do sistema financeiro. Os pol\u00eamicos 28 milh\u00f5es destinados a Pernambuco equivalem a 21 minutos de pagamento da d\u00edvida. Essa \u00e9 a verdadeira raz\u00e3o para a crise que transborda nos estados e munic\u00edpios. \u00a0Por esse motivo, o baixo or\u00e7amento para preven\u00e7\u00e3o de cat\u00e1strofes nunca \u00e9 aplicado na \u00edntegra. Entre 2004 e 2011 de cada R$ 4 previstos, apenas R$ 1 foi investido. E apenas 30% do or\u00e7amento de 2011 foi executado. Tudo pela op\u00e7\u00e3o de Lula e Dilma, de manter a mesma pol\u00edtica econ\u00f4mica vigente desde os tempos da privataria tucana de FHC.<\/p>\n<p>\u00c9 necess\u00e1rio exigir do governo federal e dos governos dos estados afetados, que sejam atendidas todas as demandas das fam\u00edlias afetadas, garantindo casa, roupas, medicamentos, mantimentos, m\u00f3veis, utens\u00edlios dom\u00e9sticos e repara\u00e7\u00e3o de todas as perdas materiais, de forma imediata!<\/p>\n<p>\u00c9 necess\u00e1rio &#8203;destinar emergencialmente as verbas necess\u00e1rias para este fim, retirando do que seria destinado para pagar juros da d\u00edvida aos banqueiros!<\/p>\n<p>\u00c9 necess\u00e1rio exigir a renuncia do Ministro da Integra\u00e7\u00e3o Nacional, e abrir processo criminal contra ele, pois ele \u00e9 o respons\u00e1vel imediato da falta de verbas para os Estados que est\u00e3o sob as \u00e1guas! Mas tamb\u00e9m, \u00e9 necess\u00e1rio punir exemplarmente os pol\u00edticos e empreiteiras que se beneficiam com as verbas das cat\u00e1strofes.<\/p>\n<p>Finalmente, vemos necess\u00e1rio garantir que todas as verbas destinadas emergencialmente para MG e RJ sejam controladas pelas fam\u00edlias afetadas.<\/p>\n<p>Devemos seguir o exemplo dos militares do Cear\u00e1, que por meio de uma radicalizada greve e da ocupa\u00e7\u00e3o dos quart\u00e9is, derrotaram a pol\u00edtica de ajuste do governador do PSB, Cid Gomes, aliado do governo federal e garantiram suas reivindica\u00e7\u00f5es, uma enorme conquista da luta que servir\u00e1 de exemplo para outras categorias a n\u00edvel nacional.<\/p>\n<p>\u00a0<\/p>\n<p>5 de janeiro de 2011<\/p>\n<p>Corrente Socialista dos Trabalhadores \u2013 Tend\u00eancia interna do PSOL<\/p>\n","protected":false},"excerpt":{"rendered":"<p>| Coordena\u00e7\u00e3o da CST RESPONSABILIDADE CRIMINOSA DO GOVERNO FEDERAL E DOS GOVERNADORES PELAS TRAGEDIAS HUMANAS CAUSADAS PELAS ENCHENTES \u00a0 Aus\u00eancia de pol\u00edticas preventivas, prioriza\u00e7\u00e3o das verbas para banqueiros e corrup\u00e7\u00e3o dos pol\u00edticos est\u00e3o na raiz do drama da \u00e9poca das chuvas. \u00a0Todos sabem que esse<\/p>\n","protected":false},"author":1,"featured_media":0,"comment_status":"closed","ping_status":"open","sticky":false,"template":"","format":"standard","meta":{"footnotes":""},"categories":[2],"tags":[],"class_list":["post-96","post","type-post","status-publish","format-standard","hentry","category-arquivo"],"_links":{"self":[{"href":"https:\/\/www.cstuit.com\/home\/wp-json\/wp\/v2\/posts\/96","targetHints":{"allow":["GET"]}}],"collection":[{"href":"https:\/\/www.cstuit.com\/home\/wp-json\/wp\/v2\/posts"}],"about":[{"href":"https:\/\/www.cstuit.com\/home\/wp-json\/wp\/v2\/types\/post"}],"author":[{"embeddable":true,"href":"https:\/\/www.cstuit.com\/home\/wp-json\/wp\/v2\/users\/1"}],"replies":[{"embeddable":true,"href":"https:\/\/www.cstuit.com\/home\/wp-json\/wp\/v2\/comments?post=96"}],"version-history":[{"count":0,"href":"https:\/\/www.cstuit.com\/home\/wp-json\/wp\/v2\/posts\/96\/revisions"}],"wp:attachment":[{"href":"https:\/\/www.cstuit.com\/home\/wp-json\/wp\/v2\/media?parent=96"}],"wp:term":[{"taxonomy":"category","embeddable":true,"href":"https:\/\/www.cstuit.com\/home\/wp-json\/wp\/v2\/categories?post=96"},{"taxonomy":"post_tag","embeddable":true,"href":"https:\/\/www.cstuit.com\/home\/wp-json\/wp\/v2\/tags?post=96"}],"curies":[{"name":"wp","href":"https:\/\/api.w.org\/{rel}","templated":true}]}}