

	{"id":97,"date":"2012-01-24T20:15:00","date_gmt":"2012-01-24T20:15:00","guid":{"rendered":"https:\/\/www.cstuit.com\/home\/index.php\/2012\/01\/24\/arquivoid-9132\/"},"modified":"2012-01-24T20:15:00","modified_gmt":"2012-01-24T20:15:00","slug":"arquivoid-9132","status":"publish","type":"post","link":"https:\/\/www.cstuit.com\/home\/2012\/01\/24\/arquivoid-9132\/","title":{"rendered":"Barrar as alian\u00e7as que descaracterizam o PSOL"},"content":{"rendered":"<p>Ap\u00f3s o III congresso: |<\/p>\n<p>O ano come\u00e7a com o PSOL intervindo na resist\u00eancia do Pinheirinho, nas passeatas contra o aumento das tarifas de \u00f4nibus, na luta contra Belo Monte e nas greves de Policiais e Bombeiros. E nos pr\u00f3ximos meses ainda teremos in\u00fameras campanhas salariais e outros conflitos. Esse tamb\u00e9m \u00e9 um ano de elei\u00e7\u00f5es, com o PSOL bem cotado em Bel\u00e9m, Rio e Macap\u00e1.<br \/>\n Infelizmente o III congresso votou a \u201cflexibiliza\u00e7\u00e3o da pol\u00edtica de alian\u00e7as\u201d, seguindo a proposta da atual maioria (Bloco da APS). Uma resolu\u00e7\u00e3o que abre a porta para coliga\u00e7\u00f5es que descaracterizam o perfil de esquerda do partido e contrariam nosso papel nas lutas. Sabemos que existem negocia\u00e7\u00f5es com in\u00fameras siglas, tentando impor fatos consumados a nossa milit\u00e2ncia. Por\u00e9m, o III congresso colocou a decis\u00e3o final nas m\u00e3os do Diret\u00f3rio Nacional, que \u201cavaliar\u00e1 caso a caso as alian\u00e7as&#8230; cabendo somente a essa inst\u00e2ncia a decis\u00e3o final sobre a poss\u00edvel concretiza\u00e7\u00e3o de amplia\u00e7\u00f5es\u201d. Sendo assim, os membros do Diret\u00f3rio Nacional tem em suas m\u00e3os uma enorme responsabilidade. Ao deliberar o arco de alian\u00e7as, v\u00e3o decidir o futuro do PSOL.<br \/>\nA milit\u00e2ncia deve refletir sobre o congresso e resistir, barrando essas coliga\u00e7\u00f5es. Em 2010, garantimos a candidatura de Plinio e o diret\u00f3rio nacional rejeitou a coliga\u00e7\u00e3o com o PTB em Macap\u00e1.  Infelizmente, Randolfe Rodrigues n\u00e3o acatou e se elegeu senador em alian\u00e7a com o PTB de quem foi coordenador de campanha no segundo turno. O Senador Randolfe  \u00e9 hoje o militante mais consequente dessa \u201cflexibiliza\u00e7\u00e3o\u201d, propondo alian\u00e7as com qualquer um: da base de Dilma a falsa oposi\u00e7\u00e3o de direita; dos Sarneystas ao PSB da oligarquia Capiberibe. Sem falar em Marina Silva, que reivindica FHC e Lula.<br \/>\n Temos que repetir rebeli\u00e3o que enterrou o apoio a Marina Silva em 2010, unificando os que n\u00e3o concordam com alian\u00e7as com partidos corruptos e neoliberais. E o primeiro passo \u00e9 unificar o setor que polarizou o congresso com resolu\u00e7\u00f5es alternativas (ENLACE\u2013Debate Socialista\u2013LSR e M\u00caS-CST).<br \/>\nIII congresso e a situa\u00e7\u00e3o pol\u00edtica<br \/>\nO congresso ocorreu em meio ao agravamento da crise econ\u00f4mica mundial e da luta de classes. Os polos mais avan\u00e7ados desse enfrentamento s\u00e3o as revolu\u00e7\u00f5es \u00e1rabes, os indignados e as greves gerais na Europa. Em nosso continente \u00e9 a luta ind\u00edgena na Bol\u00edvia e juvenil no Chile.<br \/>\nO Brasil j\u00e1 sente os efeitos da crise por meio da desacelera\u00e7\u00e3o da economia. O governo Dilma perdeu v\u00e1rios ministros e n\u00e3o tem a mesma capacidade de Lula para conter crises pol\u00edticas. As lutas crescem como vimos na rebeli\u00e3o de Jirau e dos Bombeiros e em in\u00fameras greves. Processo que seguiu na rebeli\u00e3o dos militares no Cear\u00e1 e nos protestos da juventude no Piau\u00ed, ES e Recife contra o aumento das passagens.<br \/>\nDiante da conjuntura favor\u00e1vel e da visibilidade alcan\u00e7ada pelo PSOL, o congresso deveria fazer o partido avan\u00e7ar corrigindo problemas e erros. Infelizmente a atual maioria (bloco da APS) desperdi\u00e7ou essa oportunidade.<\/p>\n<p>O congresso abriu a porta para \u201calian\u00e7as amplas\u201d<br \/>\nO congresso foi polarizado pela pol\u00edtica de alian\u00e7as do senador Randolfe, com apoio da APS. Junto ao MTL, Milton Temer e Edilson Silva defendem alian\u00e7as amplas, do PTB ao PT, passando pelo PSB, PV e PPS, al\u00e9m de Marina Silva. A base estrat\u00e9gica est\u00e1 na tese do MTL\/Temer: recha\u00e7o aos processos revolucion\u00e1rios e ao confronto com os capitalistas. O eixo \u00e9 acumulo de for\u00e7a pela via institucional para negociar reformas. Trata-se de domesticar o PSOL conforme as resolu\u00e7\u00f5es votadas.<br \/>\nA resolu\u00e7\u00e3o internacional coloca o PSOL no campo da ditadura sanguin\u00e1ria de Assad na S\u00edria, uma contradi\u00e7\u00e3o para quem deveria defender o \u201csocialismo e a liberdade\u201d. Al\u00e9m de seguir apoiando Chaves, Evo e Correa, tr\u00eas governos que aplicaram planos de ajuste fiscal, atacam povos ind\u00edgenas, entregam recursos naturais para multinacionais e possuem \u00f3timas rela\u00e7\u00f5es com a Col\u00f4mbia e Chile. Governos que comprovaram a fal\u00eancia da estrat\u00e9gia \u201cdemocr\u00e1tica e popular\u201d: atrav\u00e9s da institucionalidade e aliando-se a empres\u00e1rios n\u00e3o se far\u00e1 socialismo no s\u00e9culo XXI.<br \/>\nA resolu\u00e7\u00e3o de conjuntura aponta para as elei\u00e7\u00f5es e a eleitoral prop\u00f5e a \u201camplia\u00e7\u00e3o das alian\u00e7as\u201d, sendo o diret\u00f3rio nacional respons\u00e1vel de avaliar \u201ccaso a caso\u201d.<br \/>\nPara Randolfe  a \u201cflexibiliza\u00e7\u00e3o na pol\u00edtica de alian\u00e7as foi o que de melhor se aprovou&quot; (Valor Econ\u00f4mico), pois seria \u201cfundamental para o crescimento do partido\u201d. Na verdade, a resolu\u00e7\u00e3o abre a porta para as alian\u00e7as que converteram o PT em um partido da ordem.<br \/>\nN\u00e3o h\u00e1 como separar o programa da pol\u00edtica de alian\u00e7as ou afirmar que o problema do PT foi apenas \u201c\u00e9tico\u201d, como faz Randolfe e atual maioria. O rebaixamento program\u00e1tico do PT ocorreu em sintonia com a flexibiliza\u00e7\u00e3o das alian\u00e7as. No PT o \u201cdialogo com outras for\u00e7as pol\u00edticas\u201d era condicionado pela necessidade de aumentar o tempo de TV e o coeficiente eleitoral a qualquer custo. Hoje o PT governa com programa neoliberal e um vice do PMDB. Deixou no caminho o perfil de esquerda e a \u201c\u00e9tica\u201d e foi absorvido pelas institui\u00e7\u00f5es do regime. Guinada ideol\u00f3gica combatida pela esquerda petista e os radicais do PT.<br \/>\n\u00c9 imposs\u00edvel se aliar a um partido patronal e manter um programa de esquerda. Nada justifica uma alian\u00e7a com o PTB de Roberto Jeferson, o PPS do bloco do PSDB\/DEM, o PV de Gabeira ou o PCdoB de Orlando Silva e Aldo Rebelo. O mesmo vale para o PSB de Fernando Bezerra, das maracutaias no Minist\u00e9rio da Integra\u00e7\u00e3o Nacional. O PSB dos governadores Cid Gomes e Wilson Nunes respons\u00e1veis pela crise social e repress\u00e3o no Cear\u00e1 e Piau\u00ed. A coliga\u00e7\u00e3o com esses partidos s\u00f3 \u00e9 poss\u00edvel traindo as lutas e rebaixando o programa do PSOL.<br \/>\nDesse modo, o que divide o partido n\u00e3o \u00e9 a op\u00e7\u00e3o entre ser \u201cvanguardista\u201d ou ser \u201cplural\u201d como declara Randolfe.  A quest\u00e3o \u00e9 se trilhamos ou n\u00e3o o caminho que levou o PT a trair nossa classe. Sobretudo os acordos eleitorais municipais com o movimento de Marina Silva, figura recha\u00e7ada pela milit\u00e2ncia do Partido.<br \/>\nRandolfe diz que no congresso \u201cn\u00e3o houve debate concreto sobre o Brasil\u201d e que sentiu \u201cuma dist\u00e2ncia enorme entre o que \u00e9 debatido no parlamento e as discuss\u00f5es na milit\u00e2ncia&quot;. Para ele o par\u00e2metro para o debate pol\u00edtico nacional n\u00e3o \u00e9 a luta de classes, mas sim o congresso nacional, a institui\u00e7\u00e3o mais desacreditada do pa\u00eds. Isso demonstra como as alian\u00e7as oportunistas afetaram Randolfe, que hoje  vislumbra parcerias com velhas raposas como Cristovam e Pedro Simon &#8211; que iludem o povo com a suposta faxina de Dilma- ou \u201cinvestidores\u201d estrangeiros.<br \/>\nNo mundo todo, partidos que seguiram essa linha est\u00e3o em crise ou fizeram p\u00e9ssimas elei\u00e7\u00f5es. Exemplo \u00e9 o Bloco de Esquerda, que perdeu metade de seus deputados depois de apoiar Manuel Alegre do PS, o partido do ajuste em Portugal. Na Argentina, a centro-esquerda de Pino Solanas naufragou, fez menos votos que a Frente de Esquerda e dos Trabalhadores.<br \/>\n40% n\u00e3o votaram com o setor majorit\u00e1rio<br \/>\nA APS\/Randolfe, ENLACE-MUS, TLS conformaram a primeira chapa. Eles apresentam a mesma pol\u00edtica que MTL-Temer-Edilson. Esses dois setores v\u00e3o ter unidade na vida interna do partido, agrupando 60% do PSOL.<br \/>\nPor outro lado, surgiu um bloco alternativo ao redor do Enlace, Campo Debate Socialista, LSR, M\u00caS e CST agrupando 40%. Esse campo votou unificado na conjuntura internacional e nacional, contra Marina, a pol\u00edtica de Randolfe\/APS e a coliga\u00e7\u00e3o com PC do B em Bel\u00e9m. O \u00fanico tema que o dividiu foi o PV no RJ, onde o M\u00caS votou com APS e MTL.<br \/>\nInfelizmente, esse polo n\u00e3o conseguiu conformar uma \u00fanica chapa. ENLACE, Debate Socialista e LSR montaram chapa, vetando o M\u00caS pelo tema do RJ e pol\u00eamicas anteriores. O MES e CST conformaram outra chapa sustentando o programa dos 40% e a necessidade de derrotar a atual maioria. Entendemos que havia pontos program\u00e1ticos para conformar uma chapa \u00fanica. Isso n\u00e3o significava abrir m\u00e3o das pol\u00eamicas entre n\u00f3s. No RJ, por exemplo, a CST segue contra o PV.<br \/>\nA postura dos companheiros, contr\u00e1ria a chapa unificada, negou a din\u00e2mica do congresso, marcada por realinhamentos e novos blocos. A dispers\u00e3o favoreceu Randolfe e o setor Marinista. Esse era objetivo da APS, que militou para nos dividir.<\/p>\n<p>Construir um polo alternativo no PSOL<br \/>\nMesmo saindo em duas chapas diferentes podemos conformar um polo ou campo \u00fanico. A unidade que constru\u00edmos durante as resolu\u00e7\u00f5es do congresso s\u00e3o bases para iniciar um trabalho em conjunto. A CST se coloca a servi\u00e7o da unidade, ao redor de pontos unit\u00e1rios e iniciativas comuns que possibilitem o surgimento de um bloco ou campo dos que rejeitam a pol\u00edtica de alian\u00e7as com partidos da ordem e combatem Marina Silva e seu projeto capitalista disfar\u00e7ado de defesa do meio ambiente; dos que lutam para que o PSOL tenha como eixo central a luta de classes e defendem o Fora Assad da S\u00edria.<br \/>\nRio de Janeiro, 23\/01\/2012- Coordena\u00e7\u00e3o Nacional da CST<\/p>\n","protected":false},"excerpt":{"rendered":"<p>Ap\u00f3s o III congresso: | O ano come\u00e7a com o PSOL intervindo na resist\u00eancia do Pinheirinho, nas passeatas contra o aumento das tarifas de \u00f4nibus, na luta contra Belo Monte e nas greves de Policiais e Bombeiros. E nos pr\u00f3ximos meses ainda teremos in\u00fameras campanhas<\/p>\n","protected":false},"author":1,"featured_media":0,"comment_status":"closed","ping_status":"open","sticky":false,"template":"","format":"standard","meta":{"footnotes":""},"categories":[2],"tags":[],"class_list":["post-97","post","type-post","status-publish","format-standard","hentry","category-arquivo"],"_links":{"self":[{"href":"https:\/\/www.cstuit.com\/home\/wp-json\/wp\/v2\/posts\/97","targetHints":{"allow":["GET"]}}],"collection":[{"href":"https:\/\/www.cstuit.com\/home\/wp-json\/wp\/v2\/posts"}],"about":[{"href":"https:\/\/www.cstuit.com\/home\/wp-json\/wp\/v2\/types\/post"}],"author":[{"embeddable":true,"href":"https:\/\/www.cstuit.com\/home\/wp-json\/wp\/v2\/users\/1"}],"replies":[{"embeddable":true,"href":"https:\/\/www.cstuit.com\/home\/wp-json\/wp\/v2\/comments?post=97"}],"version-history":[{"count":0,"href":"https:\/\/www.cstuit.com\/home\/wp-json\/wp\/v2\/posts\/97\/revisions"}],"wp:attachment":[{"href":"https:\/\/www.cstuit.com\/home\/wp-json\/wp\/v2\/media?parent=97"}],"wp:term":[{"taxonomy":"category","embeddable":true,"href":"https:\/\/www.cstuit.com\/home\/wp-json\/wp\/v2\/categories?post=97"},{"taxonomy":"post_tag","embeddable":true,"href":"https:\/\/www.cstuit.com\/home\/wp-json\/wp\/v2\/tags?post=97"}],"curies":[{"name":"wp","href":"https:\/\/api.w.org\/{rel}","templated":true}]}}