

	{"id":9751,"date":"2022-09-19T22:56:28","date_gmt":"2022-09-19T22:56:28","guid":{"rendered":"https:\/\/www.cstuit.com\/home\/?p=9751"},"modified":"2022-09-19T22:56:28","modified_gmt":"2022-09-19T22:56:28","slug":"editorial-fora-bolsonaro-a-frente-ampla-lula-alckmin-nao-e-a-saida-vote-vera-lucia-16-combate-socialista-n159","status":"publish","type":"post","link":"https:\/\/www.cstuit.com\/home\/2022\/09\/19\/editorial-fora-bolsonaro-a-frente-ampla-lula-alckmin-nao-e-a-saida-vote-vera-lucia-16-combate-socialista-n159\/","title":{"rendered":"EDITORIAL | Fora Bolsonaro! A Frente Ampla Lula\/Alckmin n\u00e3o \u00e9 a sa\u00edda! Vote Vera Lucia 16! | Combate Socialista n\u00b0159"},"content":{"rendered":"<p>Estamos na reta final das elei\u00e7\u00f5es. Em breve vamos decidir quem deve governar o pa\u00eds. Temos de pensar bem em que Brasil n\u00f3s queremos. As Fake News da extrema direita tentam esconder o desastre do governo Bolsonaro\/Mour\u00e3o, que levou a mais de 600 mil mortes pela Covid-19 e a milh\u00f5es de pessoas passando fome. A campanha eleitoral bolsonarista fala de um pa\u00eds que n\u00e3o existe, onde estamos \u201cavan\u00e7ando\u201d, para tentar esconder a cat\u00e1strofe do desemprego e arrocho salarial e a perda de direitos expressa na reforma da previd\u00eancia. Esse governo dos militares, banqueiros e fazendeiros beneficia apenas seu pr\u00f3prio grupo com super sal\u00e1rios e mordomias de todo tipo, al\u00e9m de ser marcado pela corrup\u00e7\u00e3o.<\/p>\n<p>Voc\u00ea, trabalhadora e trabalhadora, voc\u00ea, jovem, que ainda recebe as mensagens dos grupos bolsonaristas, precisa refletir. Bolsonaro falava que as privatiza\u00e7\u00f5es e retirada de direitos iriam melhorar a vida do povo trabalhador, que a extrema direita iria acabar com a corrup\u00e7\u00e3o e tudo isso era mentira. N\u00f3s estamos na pior e a corrup\u00e7\u00e3o rola solta. Agora eles dizem que o problema foi a pandemia e a guerra na Ucr\u00e2nia, mas mesmo antes \u2013 em 2019 \u2013 j\u00e1 est\u00e1vamos com alta no desemprego, baixos sal\u00e1rios e a fam\u00edlia do presidente envolvida em v\u00e1rios crimes. Chega dessa extrema direita corrupta e capitalista que s\u00f3 pensa nos lucros dos empres\u00e1rios e banqueiros!<\/p>\n<p><strong>A frente ampla de Lula\/Alckmin n\u00e3o \u00e9 a sa\u00edda<\/strong><\/p>\n<p>Diante do desastre bolsonarista, h\u00e1 uma onda eleitoral que fortalece a frente ampla de Lula\/Alckmin. Em nossa campanha nos bairros, nas f\u00e1bricas, \u00f3rg\u00e3os p\u00fablicos, usinas, nos transportes, escolas e universidades, encontramos muitos trabalhadores e jovens que expressam seu voto na frente ampla. N\u00f3s explicamos a nossa vis\u00e3o e at\u00e9 aqui temos dialogado bem com esses colegas. Via de regra, apesar do voto, muitos nos d\u00e3o raz\u00e3o nas cr\u00edticas que fazemos abertamente. Lula tenta repetir o mesmo projeto de concilia\u00e7\u00e3o de classes aplicado nos seus 13 anos de governo com e a para os capitalistas e as multinacionais e isso n\u00e3o deu certo. Lula colocou como seu vice o tucano Alckmin, fez alian\u00e7as com setores do agroneg\u00f3cio inimigo dos sem terra e dos ind\u00edgenas e isso bloqueia as mudan\u00e7as que os trabalhadores e jovens desejam em sua vida. Lula fez coliga\u00e7\u00f5es com o PSD, que comp\u00f5e o governo Bolsonaro, e desse modo sinaliza que o genoc\u00eddio e a corrup\u00e7\u00e3o do atual governo podem ficar impunes. Para agradar os empres\u00e1rio e banqueiros, Lula agora fala em novas \u201creformas administrativas\u201d que desmontam o servi\u00e7o p\u00fablico. N\u00f3s falamos a verdade: com essas alian\u00e7as e essa pol\u00edtica \u00e9 imposs\u00edvel atender a classe trabalhadora e os setores populares. Os burocratas sindicais abandonaram as greves e lutas e j\u00e1 especulam com cargos no novo governo. N\u00f3s n\u00e3o somos lulistas e nem compactuamos com os pelegos. Explicamos aos trabalhadores e jovens por que consideramos que n\u00e3o se deve votar em quem se alia com os patr\u00f5es e a direta que nos exploram, nem em pelegos e falsos l\u00edderes que vendem nossos direitos. N\u00f3s temos outra proposta, socialista e revolucion\u00e1ria.<\/p>\n<p><strong>Vote Vera L\u00facia 16! Vote Polo Socialista e Revolucion\u00e1rio!<\/strong><\/p>\n<p>O Polo Socialista e Revolucion\u00e1rio apresenta Vera presidente 16. Vote na esquerda independente que luta por um governo da classe trabalhadora, sem patr\u00f5es! \u00c9 um verdadeiro voto \u00fatil, porque fortalece a nossa pr\u00f3pria classe e uma esquerda sem rabo preso com a direita e os patr\u00f5es sanguessugas. Nossa campanha \u00e9 feita nas lutas da enfermagem pelo piso salarial, nas greves da educa\u00e7\u00e3o, como as que ocorrem em S\u00e3o Gon\u00e7alo\/RJ, e em apoio a oper\u00e1rios, como os que lutam contra as demiss\u00f5es em SP. Enquanto formos governados pelos patr\u00f5es que nos exploram, pelos partidos que representam os patr\u00f5es e a direita, n\u00e3o conseguiremos resolver os problemas da classe trabalhadora. O Polo Socialista e Revolucion\u00e1rio defende um governo da classe trabalhadora, sem patr\u00f5es, para aplicar nosso programa, rompendo com o capitalismo e a explora\u00e7\u00e3o imperialista, rumo \u00e0 constru\u00e7\u00e3o de um Brasil socialista.<\/p>\n<p><strong>Vote contra a fome, o arrocho, o desemprego e os cortes de verbas!<\/strong><\/p>\n<p>1- Pelo n\u00e3o pagamento da d\u00edvida aos banqueiros! Pela taxa\u00e7\u00e3o dos bilion\u00e1rios e dos lucros das multinacionais! Estatizar as empresas privatizadas!<\/p>\n<p>2- Pela revoga\u00e7\u00e3o das reformas da previd\u00eancia e trabalhista e do teto de gastos! Por direitos trabalhistas para todos os trabalhadores de aplicativos!<\/p>\n<p>3- Pela reposi\u00e7\u00e3o autom\u00e1tica das perdas salariais! Pela redu\u00e7\u00e3o da jornada de trabalho sem redu\u00e7\u00e3o de sal\u00e1rios!<\/p>\n<p>4- Educa\u00e7\u00e3o sexual para decidir, contraceptivos para n\u00e3o engravidar e aborto legal, seguro e gratuito para n\u00e3o morrer! Pelo fim da cultura do estupro e pris\u00e3o para estupradores!<\/p>\n<p>5- Basta de genoc\u00eddio contra o povo preto e pobre nas favelas e periferias! Desmantelamento do aparelho repressivo! Revoga\u00e7\u00e3o da lei de drogas!<\/p>\n<p>6- Por emprego e renda para LGBTQIA+! Cota para pessoas trans em concursos e universidades! Respeito \u00e0 utiliza\u00e7\u00e3o do nome social!<\/p>\n<p>7- Emerg\u00eancia clim\u00e1tica j\u00e1! Expropriar as multinacionais poluidoras! Contra o marco temporal, demarca\u00e7\u00e3o das terras ind\u00edgenas j\u00e1! Pela reforma agr\u00e1ria controlada pelos trabalhadores.<\/p>\n","protected":false},"excerpt":{"rendered":"<p>Estamos na reta final das elei\u00e7\u00f5es. Em breve vamos decidir quem deve governar o pa\u00eds. Temos de pensar bem em que Brasil n\u00f3s queremos. As Fake News da extrema direita tentam esconder o desastre do governo Bolsonaro\/Mour\u00e3o, que levou a mais de 600 mil mortes<\/p>\n","protected":false},"author":1,"featured_media":9753,"comment_status":"open","ping_status":"open","sticky":false,"template":"","format":"standard","meta":{"footnotes":""},"categories":[135],"tags":[110,24,381,1116],"class_list":["post-9751","post","type-post","status-publish","format-standard","has-post-thumbnail","hentry","category-editorial","tag-editorial","tag-eleicoes","tag-esquerda","tag-socialista"],"_links":{"self":[{"href":"https:\/\/www.cstuit.com\/home\/wp-json\/wp\/v2\/posts\/9751","targetHints":{"allow":["GET"]}}],"collection":[{"href":"https:\/\/www.cstuit.com\/home\/wp-json\/wp\/v2\/posts"}],"about":[{"href":"https:\/\/www.cstuit.com\/home\/wp-json\/wp\/v2\/types\/post"}],"author":[{"embeddable":true,"href":"https:\/\/www.cstuit.com\/home\/wp-json\/wp\/v2\/users\/1"}],"replies":[{"embeddable":true,"href":"https:\/\/www.cstuit.com\/home\/wp-json\/wp\/v2\/comments?post=9751"}],"version-history":[{"count":0,"href":"https:\/\/www.cstuit.com\/home\/wp-json\/wp\/v2\/posts\/9751\/revisions"}],"wp:featuredmedia":[{"embeddable":true,"href":"https:\/\/www.cstuit.com\/home\/wp-json\/wp\/v2\/media\/9753"}],"wp:attachment":[{"href":"https:\/\/www.cstuit.com\/home\/wp-json\/wp\/v2\/media?parent=9751"}],"wp:term":[{"taxonomy":"category","embeddable":true,"href":"https:\/\/www.cstuit.com\/home\/wp-json\/wp\/v2\/categories?post=9751"},{"taxonomy":"post_tag","embeddable":true,"href":"https:\/\/www.cstuit.com\/home\/wp-json\/wp\/v2\/tags?post=9751"}],"curies":[{"name":"wp","href":"https:\/\/api.w.org\/{rel}","templated":true}]}}