

	{"id":9757,"date":"2022-09-20T22:23:28","date_gmt":"2022-09-20T22:23:28","guid":{"rendered":"https:\/\/www.cstuit.com\/home\/?p=9757"},"modified":"2022-09-20T22:23:28","modified_gmt":"2022-09-20T22:23:28","slug":"derrotar-o-projeto-de-fome-e-de-bala-de-bolsonaro-vera-presidenta","status":"publish","type":"post","link":"https:\/\/www.cstuit.com\/home\/2022\/09\/20\/derrotar-o-projeto-de-fome-e-de-bala-de-bolsonaro-vera-presidenta\/","title":{"rendered":"Derrotar o projeto de fome e de bala de Bolsonaro! Vera Presidenta!"},"content":{"rendered":"<p>Estamos na reta final da elei\u00e7\u00e3o e no apagar das luzes o governo Bolsonaro acaba de editar um Decreto Presidencial liberando R$ 5,6 bilh\u00f5es em emendas parlamentares, das quais R$ 3,5 bilh\u00f5es relacionadas \u00e0s emendas de relator, a cargo de lideran\u00e7as do chamado centr\u00e3o. Para isso, o governo teve que cortar mais verbas da sa\u00fade, educa\u00e7\u00e3o, cultura e ci\u00eancia, para beneficiar seus apaniguados, desviando esses recursos para o chamado Or\u00e7amento Secreto. Somente do Programa Farm\u00e1cia Popular, os cortes chegaram a 60%, prejudicando cerca de 21 milh\u00f5es de brasileiros que se beneficiam diretamente com esse programa.<\/p>\n<p>Com essa medida, Bolsonaro, mais uma vez, recorre\u00a0ao toma l\u00e1 d\u00e1 c\u00e1 do Congresso Nacional, beneficiando os parlamentares aliados ao Planalto, um bando de corruptos que se beneficiam com o dinheiro p\u00fablico. Enquanto isso, v\u00ea aumentar sua rejei\u00e7\u00e3o, que chega a 53%, segundo pesquisa Datafolha do dia 15\/09.\u00a0Isso mostra que mostra que a popula\u00e7\u00e3o trabalhadora n\u00e3o aguenta mais passar fome e ficar desempregada e nem ser submetida a esse projeto golpista.<\/p>\n<p>O balan\u00e7o dos quase quatro anos de governo Bolsonaro\/Paulo Guedes \u00e9 que a situa\u00e7\u00e3o do pa\u00eds est\u00e1 a cada dia pior. Aumentou a fome, a mis\u00e9ria, o desemprego, o subemprego e a devasta\u00e7\u00e3o ambiental. Em rela\u00e7\u00e3o \u00e0 educa\u00e7\u00e3o h\u00e1 uma gera\u00e7\u00e3o de crian\u00e7as em idade de alfabetiza\u00e7\u00e3o que viram seus desempenhos escolares piorarem em meio \u00e0 pandemia,\u00a0fruto dos sucessivos cortes de verbas p\u00fablicas e da desvaloriza\u00e7\u00e3o dos profissionais de educa\u00e7\u00e3o. E importantes profissionais, como os da enfermagem, t\u00eam seu piso salarial negado por uma decis\u00e3o autorit\u00e1ria do Ministro Lu\u00eds Roberto Barroso, em benef\u00edcio das grandes redes hospitalares privadas.<\/p>\n<p>Esse \u00e9 o pa\u00eds governado por Bolsonaro\/Guedes, onde milh\u00f5es passam fome enquanto a fam\u00edlia do presidente e seus aliados pol\u00edticos enriquecem.<\/p>\n<p>Bolsonaro,\u00a0enquanto desdenhou das quase 700 mil mortes por Covid, vai ao\u00a0funeral da Rainha Elizabeth II,\u00a0para tentar uma cartada eleitoral.\u00a0E, ao\u00a0lado do corrupto Silas Malafaia, Bolsonaro segue afirmando sua pol\u00edtica reacion\u00e1ria contra as mulheres e a legaliza\u00e7\u00e3o do aborto, importante pauta das mulheres e de pessoas com \u00fatero, e contra os direitos dos LGBTQIA+.<\/p>\n<p>Nos atos de 7 de setembro, mais uma vez Bolsonaro buscou fortalecer seu projeto autorit\u00e1rio e golpista, mobilizando seus eleitores mais fan\u00e1ticos a servi\u00e7o de sua pol\u00edtica autorit\u00e1ria, machista e mis\u00f3gina e em defesa do seu projeto golpista e de fome, utilizando todo o aparato estatal a favor da sua candidatura. Segundo a pesquisa, 65% das pessoas acreditam que Bolsonaro utilizou o 7 de setembro para fazer campanha eleitoral. Essa tentativa de projeto golpista \u00e9 o que incentiva ataques como do deputado bolsonarista contra a jornalista Vera Magalh\u00e3es. Esse projeto capitalista e autorit\u00e1rio tem de ser derrotado.<\/p>\n<p>&nbsp;<\/p>\n<p><strong>A frente ampla n\u00e3o enfrenta Bolsonaro<\/strong><\/p>\n<p>Nos\u00a0calend\u00e1rios do 07\/09, Grito dos Exclu\u00eddos, e 10\/09, as grandes centrais sindicais como CUT, CTB e For\u00e7a Sindical, aliadas da Frente Ampla de Lula\/Alckmin, boicotaram os atos de rua, deixando um espa\u00e7o para a extrema direita, uma pol\u00edtica\u00a0covarde de capitula\u00e7\u00e3o ao bolsonarismo. Essas dire\u00e7\u00f5es n\u00e3o apostam na mobiliza\u00e7\u00e3o, desmontam as campanhas salariais e conciliam com os tribunais e os patr\u00f5es para impedir qualquer rebeli\u00e3o dos trabalhadores. Desmobilizaram o Grito dos Exclu\u00eddos apostando que nas urnas tudo j\u00e1 est\u00e1 decidido. Sabemos que n\u00e3o \u00e9 assim, at\u00e9 porque Bolsonaro segue mobilizando a sua base querendo manter viva a sua pol\u00edtica de fome e morte. Essa pol\u00edtica da frente ampla joga contra a derrota definitiva de Bolsonaro.\u00a0Al\u00e9m disso, Lula tenta repetir o mesmo projeto de concilia\u00e7\u00e3o de classes aplicado nos seus 13 anos de governo com e para os capitalistas e as multinacionais. Isso se expressa em seu vice tucano Alckmin, alian\u00e7as com setores do agroneg\u00f3cio inimigo dos sem terra e dos ind\u00edgenas, coliga\u00e7\u00f5es com o PSD, que comp\u00f5e o governo Bolsonaro, e propostas de novas \u201creformas administrativas\u201d que desmontam o servi\u00e7o p\u00fablico.<\/p>\n<p>&nbsp;<\/p>\n<p><strong>Vote Vera Presidenta! Para derrotar Bolsonaro sem conciliar com os patr\u00f5es!<\/strong><\/p>\n<p>&nbsp;<\/p>\n<p>A cat\u00e1strofe ocasionada pelo governo Bolsonaro exige um enfrentamento firme contra a extrema direita, os ricos e os patr\u00f5es. Sem vacilar, dizer nitidamente que com os nossos inimigos n\u00e3o podemos governar. Ao mesmo tempo, devemos apresentar um nome e um programa para a classe trabalhadora. Partindo dessa situa\u00e7\u00e3o, n\u00f3s, da CST, da esquerda radical do PSOL, estamos com Vera L\u00facia, candidata a presidente pelo Polo Socialista e Revolucion\u00e1rio. Chamamos o voto em Vera, o voto em uma oper\u00e1ria, negra e socialista, que n\u00e3o concilia com a FIESP, FIRJAN ou a burguesia do pa\u00eds. N\u00f3s chamamos a votar na companheira porque mantemos viva a m\u00e1xima de que trabalhador vota em trabalhador e n\u00e3o deve-se fazer coliga\u00e7\u00e3o com a direita que sempre nos massacrou. Porque \u00e9 a candidatura que acredita que \u00e9 a luta e a organiza\u00e7\u00e3o que podem enterrar de vez o bolsonarismo e os ataques capitalistas contra o conjunto da popula\u00e7\u00e3o.<\/p>\n<p>Junto com o nome da companheira Vera, apresentamos um programa em que o norte \u00e9 justamente localizar uma sa\u00edda de fundo para o pa\u00eds no marco da independ\u00eancia de classe, enfrentando os banqueiros, os patr\u00f5es e os burocratas. Nesse sentido, entendemos que o programa do Polo Socialista e Revolucion\u00e1rio, sintetizado nas propostas abaixo, \u00e9 o que melhor representa uma sa\u00edda com esse perfil. A seguir, apresentamos algumas propostas nacionais: para acabar com a fome e a mis\u00e9ria dos trabalhadores, \u00e9 preciso atacar os lucros e as propriedades dos ricos.<\/p>\n<p>&#8211; Aux\u00edlio de um sal\u00e1rio m\u00ednimo, enquanto n\u00e3o tivermos pleno emprego; Redu\u00e7\u00e3o da jornada de trabalho sem redu\u00e7\u00e3o dos sal\u00e1rios; Plano de obras p\u00fablicas, que absorva a m\u00e3o de obra desocupada; Aumento geral dos sal\u00e1rios. Duplica\u00e7\u00e3o do sal\u00e1rio m\u00ednimo, rumo ao sal\u00e1rio m\u00ednimo constitucional calculado pelo Dieese (Departamento Intersindical de Estat\u00edstica e Estudos Socioecon\u00f4micos), hoje em R$ 6.527,67;<\/p>\n<p>&#8211; Revoga\u00e7\u00e3o integral das reformas trabalhista e previdenci\u00e1ria; Reestatiza\u00e7\u00e3o das empresas privatizadas sob o controle dos trabalhadores. Petrobras 100% estatal, sob o controle dos trabalhadores, e o fim da paridade com os pre\u00e7os internacionais;<\/p>\n<p>&#8211; Combate a todas as formas de opress\u00f5es; Fim do genoc\u00eddio da juventude negra pela pol\u00edcia; Puni\u00e7\u00e3o rigorosa \u00e0 viol\u00eancia contra as mulheres e LGBTQIs;<\/p>\n<p>&#8211; Contra a destrui\u00e7\u00e3o da natureza promovida pelo governo Bolsonaro, o agroneg\u00f3cio, as mineradoras, garimpeiros e madeireiras; pela demarca\u00e7\u00e3o das terras ind\u00edgenas, comunidades quilombolas e popula\u00e7\u00f5es tradicionais! Fim do marco temporal! Fim da viol\u00eancia contra os ind\u00edgenas!<\/p>\n<p>&#8211; N\u00e3o pagamento da d\u00edvida p\u00fablica! Ruptura com o imperialismo!\u00a0 Expropria\u00e7\u00e3o das multinacionais sob controle dos trabalhadores! Estatiza\u00e7\u00e3o das 100 maiores empresas que controlam a maior parte da nossa economia e expropriar os bens e empresas dos 315 bilion\u00e1rios desse pa\u00eds para poder atacar a fome e a mis\u00e9ria do povo brasileiro.<\/p>\n<p>&#8211; Em defesa do meio ambiente! Expropria\u00e7\u00e3o das empresas poluidoras, a\u00a0come\u00e7ar pelo agroneg\u00f3cio que promove o desmatamento, sob controle\u00a0dos trabalhadores! Expropria\u00e7\u00e3o das grandes empresas\u00a0agropecu\u00e1rias sob controle dos trabalhadores! Terra para os camponeses e trabalhadores da agricultura familiar! S\u00f3 assim poderemos\u00a0produzir alimentos baratos para a popula\u00e7\u00e3o!<\/p>\n<p>Enquanto formos governados pelos patr\u00f5es que nos exploram, pelos partidos que representam os patr\u00f5es e a direita, n\u00e3o conseguiremos resolver os problemas da classe trabalhadora. O Polo Socialista e Revolucion\u00e1rio defende um governo da classe trabalhadora, sem patr\u00f5es, para aplicar nosso programa, rompendo com o capitalismo e a explora\u00e7\u00e3o imperialista, rumo \u00e0 constru\u00e7\u00e3o de um Brasil socialista.<\/p>\n","protected":false},"excerpt":{"rendered":"<p>Estamos na reta final da elei\u00e7\u00e3o e no apagar das luzes o governo Bolsonaro acaba de editar um Decreto Presidencial liberando R$ 5,6 bilh\u00f5es em emendas parlamentares, das quais R$ 3,5 bilh\u00f5es relacionadas \u00e0s emendas de relator, a cargo de lideran\u00e7as do chamado centr\u00e3o. Para<\/p>\n","protected":false},"author":1,"featured_media":9758,"comment_status":"open","ping_status":"open","sticky":false,"template":"","format":"standard","meta":{"footnotes":""},"categories":[5],"tags":[1795,162,1389,24,667,32],"class_list":["post-9757","post","type-post","status-publish","format-standard","has-post-thumbnail","hentry","category-nacional","tag-bozo","tag-brasil","tag-brazil","tag-eleicoes","tag-fora-bolsonaro","tag-nacional"],"_links":{"self":[{"href":"https:\/\/www.cstuit.com\/home\/wp-json\/wp\/v2\/posts\/9757","targetHints":{"allow":["GET"]}}],"collection":[{"href":"https:\/\/www.cstuit.com\/home\/wp-json\/wp\/v2\/posts"}],"about":[{"href":"https:\/\/www.cstuit.com\/home\/wp-json\/wp\/v2\/types\/post"}],"author":[{"embeddable":true,"href":"https:\/\/www.cstuit.com\/home\/wp-json\/wp\/v2\/users\/1"}],"replies":[{"embeddable":true,"href":"https:\/\/www.cstuit.com\/home\/wp-json\/wp\/v2\/comments?post=9757"}],"version-history":[{"count":0,"href":"https:\/\/www.cstuit.com\/home\/wp-json\/wp\/v2\/posts\/9757\/revisions"}],"wp:featuredmedia":[{"embeddable":true,"href":"https:\/\/www.cstuit.com\/home\/wp-json\/wp\/v2\/media\/9758"}],"wp:attachment":[{"href":"https:\/\/www.cstuit.com\/home\/wp-json\/wp\/v2\/media?parent=9757"}],"wp:term":[{"taxonomy":"category","embeddable":true,"href":"https:\/\/www.cstuit.com\/home\/wp-json\/wp\/v2\/categories?post=9757"},{"taxonomy":"post_tag","embeddable":true,"href":"https:\/\/www.cstuit.com\/home\/wp-json\/wp\/v2\/tags?post=9757"}],"curies":[{"name":"wp","href":"https:\/\/api.w.org\/{rel}","templated":true}]}}