

	{"id":9765,"date":"2022-09-22T22:11:56","date_gmt":"2022-09-22T22:11:56","guid":{"rendered":"https:\/\/www.cstuit.com\/home\/?p=9765"},"modified":"2022-09-22T22:11:56","modified_gmt":"2022-09-22T22:11:56","slug":"23-de-setembro-protesto-mundial-exige-acao-contra-desastre-climatico","status":"publish","type":"post","link":"https:\/\/www.cstuit.com\/home\/2022\/09\/22\/23-de-setembro-protesto-mundial-exige-acao-contra-desastre-climatico\/","title":{"rendered":"23 de setembro | Protesto Mundial Exige A\u00e7\u00e3o Contra Desastre Clim\u00e1tico"},"content":{"rendered":"<p><em>Por Unidade Internacional dos Trabalhadores \u2013 Quarta Internacional (UIT-CI)<\/em><\/p>\n<p>&nbsp;<\/p>\n<p>O protesto &#8211; ou \u201cgreve clim\u00e1tica\u201d &#8211; global convocado pela organiza\u00e7\u00e3o internacional de jovens Fridays for Future (Sextas pelo Futuro) acontecer\u00e1 nesta sexta-feira, 23 de setembro.<\/p>\n<p>Esse movimento come\u00e7ou em 2018, liderado pela adolescente Greta Thunberg, de 15 anos, que acampou em frente ao Parlamento sueco, exigindo medidas urgentes para reduzir as emiss\u00f5es de di\u00f3xido de carbono dos combust\u00edveis para frear as mudan\u00e7as clim\u00e1ticas. Em 2019, transformou-se em uma\u00a0 \u201cgreve clim\u00e1tica\u201d estudantil mundial, mobilizando 4 milh\u00f5es de pessoas. Desde ent\u00e3o, se repete em setembro de cada ano.<\/p>\n<p>Os manifestantes tamb\u00e9m t\u00eam denunciado como uma farsa as C\u00fapulas do Clima convocadas pela ONU, j\u00e1 que as poucas resolu\u00e7\u00f5es adotadas n\u00e3o s\u00e3o cumpridas. De fato, as emiss\u00f5es de di\u00f3xido de carbono dos combust\u00edveis, que devem ser reduzidas em 45% at\u00e9 2030 para evitar o catastr\u00f3fico aquecimento global, est\u00e3o aumentando.<\/p>\n<p>E agora, com a desculpa de que h\u00e1 menos g\u00e1s na Europa devido \u00e0 guerra na Ucr\u00e2nia, est\u00e3o voltando a produzir carv\u00e3o, que \u00e9 o pior poluidor. E ampliando a produ\u00e7\u00e3o de armas, que resulta em enorme gasto de energia.<\/p>\n<p>Este ver\u00e3o europeu foi o pior em secas, inc\u00eandios florestais e no aumento das temperaturas em mais de 70 anos. Na Am\u00e9rica Latina tamb\u00e9m est\u00e3o ocorrendo inc\u00eandios florestais e secas. E a perspectiva \u00e9 que isso continue piorando, se n\u00e3o for imposta a redu\u00e7\u00e3o do uso de energia proveniente de petr\u00f3leo, carv\u00e3o, g\u00e1s e biocombust\u00edvel (vegetais transformados em combust\u00edvel).<\/p>\n<p>N\u00f3s, da Unidade Internacional dos Trabalhadores &#8211; Quarta Internacional (UIT-CI), consideramos que o capitalismo est\u00e1 destruindo a vida no mundo. Os capitalistas e seus governos n\u00e3o t\u00eam interesse na mudan\u00e7a da matriz energ\u00e9tica, porque isso afetaria seus lucros. \u00c9 por isso que, para evitar o desastre, \u00e9 necess\u00e1rio acabar com o sistema capitalista-imperialista, construindo governos da classe trabalhadora, da juventude e dos setores populares. Governos que expropriem as multinacionais da minera\u00e7\u00e3o, do agroneg\u00f3cio e do petr\u00f3leo; planifiquem democraticamente a economia, com base nas necessidades dos povos; e combatam as mudan\u00e7as clim\u00e1ticas e a destrui\u00e7\u00e3o do meio ambiente.<\/p>\n<p>Nesse caminho estrat\u00e9gico, somente a urgente mobiliza\u00e7\u00e3o internacional da juventude e, em geral, dos povos trabalhadores e oprimidos pode impor mudan\u00e7as reais na matriz energ\u00e9tica, que reduzam decisivamente o uso dos combust\u00edveis poluentes e combatam a destrui\u00e7\u00e3o ambiental em curso.<\/p>\n<p>Por isso, a \u201cgreve clim\u00e1tica\u201d convocada para esta sexta-feira, 23 de setembro, \u00e9 totalmente justificada e necess\u00e1ria. N\u00f3s, da UIT-CI, damos total apoio e convocamos todos\/as a participar das mobiliza\u00e7\u00f5es e a\u00e7\u00f5es unit\u00e1rias em cada pa\u00eds.<\/p>\n<p>&nbsp;<\/p>\n<p>21\/9\/2022<\/p>\n","protected":false},"excerpt":{"rendered":"<p>Por Unidade Internacional dos Trabalhadores \u2013 Quarta Internacional (UIT-CI) &nbsp; O protesto &#8211; ou \u201cgreve clim\u00e1tica\u201d &#8211; global convocado pela organiza\u00e7\u00e3o internacional de jovens Fridays for Future (Sextas pelo Futuro) acontecer\u00e1 nesta sexta-feira, 23 de setembro. Esse movimento come\u00e7ou em 2018, liderado pela adolescente Greta<\/p>\n","protected":false},"author":1,"featured_media":9766,"comment_status":"open","ping_status":"open","sticky":false,"template":"","format":"standard","meta":{"footnotes":""},"categories":[6],"tags":[1798,1799,1406,1152],"class_list":["post-9765","post","type-post","status-publish","format-standard","has-post-thumbnail","hentry","category-internacional","tag-clima","tag-desastreambiental","tag-meioambiente","tag-socialismo"],"_links":{"self":[{"href":"https:\/\/www.cstuit.com\/home\/wp-json\/wp\/v2\/posts\/9765","targetHints":{"allow":["GET"]}}],"collection":[{"href":"https:\/\/www.cstuit.com\/home\/wp-json\/wp\/v2\/posts"}],"about":[{"href":"https:\/\/www.cstuit.com\/home\/wp-json\/wp\/v2\/types\/post"}],"author":[{"embeddable":true,"href":"https:\/\/www.cstuit.com\/home\/wp-json\/wp\/v2\/users\/1"}],"replies":[{"embeddable":true,"href":"https:\/\/www.cstuit.com\/home\/wp-json\/wp\/v2\/comments?post=9765"}],"version-history":[{"count":0,"href":"https:\/\/www.cstuit.com\/home\/wp-json\/wp\/v2\/posts\/9765\/revisions"}],"wp:featuredmedia":[{"embeddable":true,"href":"https:\/\/www.cstuit.com\/home\/wp-json\/wp\/v2\/media\/9766"}],"wp:attachment":[{"href":"https:\/\/www.cstuit.com\/home\/wp-json\/wp\/v2\/media?parent=9765"}],"wp:term":[{"taxonomy":"category","embeddable":true,"href":"https:\/\/www.cstuit.com\/home\/wp-json\/wp\/v2\/categories?post=9765"},{"taxonomy":"post_tag","embeddable":true,"href":"https:\/\/www.cstuit.com\/home\/wp-json\/wp\/v2\/tags?post=9765"}],"curies":[{"name":"wp","href":"https:\/\/api.w.org\/{rel}","templated":true}]}}