

	{"id":99,"date":"2012-02-01T17:09:00","date_gmt":"2012-02-01T17:09:00","guid":{"rendered":"https:\/\/www.cstuit.com\/home\/index.php\/2012\/02\/01\/arquivoid-9134\/"},"modified":"2012-02-01T17:09:00","modified_gmt":"2012-02-01T17:09:00","slug":"arquivoid-9134","status":"publish","type":"post","link":"https:\/\/www.cstuit.com\/home\/2012\/02\/01\/arquivoid-9134\/","title":{"rendered":"Solidariedade ao Jornalista Pedro Rios Le\u00e3o!"},"content":{"rendered":"<p>| Jornalista faz greve de Fome<\/p>\n<p>Desde a segunda-feira (30\/01), o jornalista Pedro Rios Le\u00e3o est\u00e1 realizando uma greve de fome em forma de protesto na frente da Rede Globo de Televis\u00e3o. Sua revolta com a p\u00edfia e parcial cobertura dos grandes conglomerados da comunica\u00e7\u00e3o do pa\u00eds no caso do Pinheirinho \u00e9 compartilhada por n\u00f3s. <\/p>\n<p>O caso do Pinheirinho deveria ser o assunto mais importante e noticiado do pa\u00eds, pois cerca de 2 mil familias foram retiradas de suas casas \u00e0 for\u00e7a pela Pol\u00edcia Militar a mando do Governador de S\u00e3o Paulo Geraldo Alckmim (PSDB) e pela Guarda Civil a mando do Prefeito de SJC\/SP. Mas ao contr\u00e1rio, a m\u00eddia fez quest\u00e3o de esconder e quando mostrou, manipulou, tentando passar a imagem de que o Pinheirinho seria um bairro do tr\u00e1fico.<\/p>\n<p>At\u00e9 agora, a m\u00eddia nada noticia sobre a brutalidade, o grande n\u00famero de feridos e a suspeita de v\u00edtimas fatais.<\/p>\n<p>A responsabilidade desta situa\u00e7\u00e3o \u00e9 do prefeito de S\u00e3o Jos\u00e9 dos Campos, do governo estadual por ter aplicado a a\u00e7\u00e3o e do governo federal por ter se omitido no caso Pinheirinho que se arrasta desde 2004; um verdadeiro absurdo. Um terreno pertencente a massa falida da Selecta, do mega especulador Naji Nahas.<\/p>\n<p>Exigimos que o Governo DILMA intervenha na situa\u00e7\u00e3o, desaproprie imediatamente o terreno e reconstrua as casas para os moradores. Queremos cobrir de solidariedade o jornalista Pedro Rios, que apenas exige uma cobertura imparcial da imprensa e a a\u00e7\u00e3o dos governos para ajudar as fam\u00edlias. <\/p>\n<p>Somos todos Pinheirinho!<\/p>\n<p>Corrente Socialista dos Trabalhadores &#8211; PSOL<\/p>\n<p>Coletivo Vamos \u00e0 Luta<\/p>\n<p>Associa\u00e7\u00e3o Nacional de Sindicatos Unidos Pra Lutar<\/p>\n","protected":false},"excerpt":{"rendered":"<p>| Jornalista faz greve de Fome Desde a segunda-feira (30\/01), o jornalista Pedro Rios Le\u00e3o est\u00e1 realizando uma greve de fome em forma de protesto na frente da Rede Globo de Televis\u00e3o. Sua revolta com a p\u00edfia e parcial cobertura dos grandes conglomerados da comunica\u00e7\u00e3o<\/p>\n","protected":false},"author":1,"featured_media":0,"comment_status":"closed","ping_status":"open","sticky":false,"template":"","format":"standard","meta":{"footnotes":""},"categories":[2],"tags":[],"class_list":["post-99","post","type-post","status-publish","format-standard","hentry","category-arquivo"],"_links":{"self":[{"href":"https:\/\/www.cstuit.com\/home\/wp-json\/wp\/v2\/posts\/99","targetHints":{"allow":["GET"]}}],"collection":[{"href":"https:\/\/www.cstuit.com\/home\/wp-json\/wp\/v2\/posts"}],"about":[{"href":"https:\/\/www.cstuit.com\/home\/wp-json\/wp\/v2\/types\/post"}],"author":[{"embeddable":true,"href":"https:\/\/www.cstuit.com\/home\/wp-json\/wp\/v2\/users\/1"}],"replies":[{"embeddable":true,"href":"https:\/\/www.cstuit.com\/home\/wp-json\/wp\/v2\/comments?post=99"}],"version-history":[{"count":0,"href":"https:\/\/www.cstuit.com\/home\/wp-json\/wp\/v2\/posts\/99\/revisions"}],"wp:attachment":[{"href":"https:\/\/www.cstuit.com\/home\/wp-json\/wp\/v2\/media?parent=99"}],"wp:term":[{"taxonomy":"category","embeddable":true,"href":"https:\/\/www.cstuit.com\/home\/wp-json\/wp\/v2\/categories?post=99"},{"taxonomy":"post_tag","embeddable":true,"href":"https:\/\/www.cstuit.com\/home\/wp-json\/wp\/v2\/tags?post=99"}],"curies":[{"name":"wp","href":"https:\/\/api.w.org\/{rel}","templated":true}]}}