

	{"id":9974,"date":"2022-11-19T19:10:04","date_gmt":"2022-11-19T19:10:04","guid":{"rendered":"https:\/\/www.cstuit.com\/home\/?p=9974"},"modified":"2022-11-19T19:10:57","modified_gmt":"2022-11-19T19:10:57","slug":"csp-conlutas-nao-a-perseguicao-aos-trabalhadores-do-panama","status":"publish","type":"post","link":"https:\/\/www.cstuit.com\/home\/2022\/11\/19\/csp-conlutas-nao-a-perseguicao-aos-trabalhadores-do-panama\/","title":{"rendered":"CSP-CONLUTAS: N\u00e3o \u00e0 persegui\u00e7\u00e3o aos trabalhadores do Panam\u00e1!"},"content":{"rendered":"<p>N\u00e3o \u00e0 persegui\u00e7\u00e3o aos trabalhadores do Panam\u00e1!<\/p>\n<p>N\u00f3s, que assinamos este documento, nos somamos \u00e0 exig\u00eancia de elimina\u00e7\u00e3o do processo penal contra Priscilla V\u00e1squez, presidente da Associa\u00e7\u00e3o de Empregados da Caixa de Previd\u00eancia Social (AECSS) do Panam\u00e1, Rodrigo Soto, secret\u00e1rio-geral da Associa\u00e7\u00e3o Nacional de Trabalhadores Manuais da Caixa de Previd\u00eancia Social (ANADETRAM), e mais de 50 ativistas por exercer o direito de greve.<\/p>\n<p>Tamb\u00e9m exigimos a reintegra\u00e7\u00e3o das trabalhadoras e dos trabalhadores demitidos por lutarem por seus direitos.<\/p>\n<p>&nbsp;<\/p>\n<p><strong><u>ASSINAM:<\/u><\/strong><\/p>\n<ol>\n<li><strong>CSP-CONLUTAS &#8211; CENTRAL SINDICAL E POPULAR<\/strong><\/li>\n<li>SINDICATO DOS METAL\u00daRGICOS DE S\u00c3O JOS\u00c9 DOS CAMPOS E REGI\u00c3O\/SP<\/li>\n<li>SINDICATO DOS TRABALHADORES DO JUDICI\u00c1RIO FEDERAL NO ESTADO DE S\u00c3O PAULO<\/li>\n<li>SINDICATO DOS TRABALHADORES NO SERVI\u00c7O P\u00daBLICO FEDERAL NO ESTADO DE S\u00c3O PAULO<\/li>\n<li>SINDICATO DOS TRABALHADORES DA USP &#8211; UNIVERSIDADE DE S\u00c3O PAULO\/SP -SINTUSP<\/li>\n<li>SINDICATO DOS TRABALHADORES NA EMPRESA DE CORREIOS E TEL\u00c9GRAFOS DO VALE DO PARAIBA\/SP<\/li>\n<li>SINDICATO DOS TRABALHADORES DA IND. DA CONSTRU\u00c7\u00c3O CIVIL DA REGI\u00c3O METROPOLITANA DE FORTALEZA<\/li>\n<li>SINDICATO DOS TRABALHADORES EM TRANSPORTE RODOVI\u00c1RIO DO CEAR\u00c1<\/li>\n<li>SINDICATO DOS SERVIDORES P\u00daBLICOS MUNICIPAIS DE JUAZEIRO DO NORTE\/CE<\/li>\n<li>SINDICATO DOS TRABALHADORES NA IND\u00daSTRIA DE CONFEC\u00c7\u00c3O FEMININA DE FORTALEZA\/CE<\/li>\n<li>SINDICATO DOS SERVIDORES DO PODER JUDICI\u00c1RIO FEDERAL DO ESTADO DE MATO GROSSO<\/li>\n<li>SINDICATO DOS COMERCI\u00c1RIOS DE NOVA IGUA\u00c7U\/RJ<\/li>\n<li>SINDICATO DOS TRABALHADORES NO SERVI\u00c7O P\u00daBLICO MUNICIPAL DE LIMOEIRO DO NORTE\/CE<\/li>\n<li>SINDICATO DOS SERVIDORES DO PODER JUDICI\u00c1RIO FEDERAL EM ALAGOAS<\/li>\n<li>SINDICATO DOS TRABALHADORES NAS EMPRESAS DE TRANSP. RODOV DE PASSAG. EST. CE<\/li>\n<li>SINDICATO DOS TRABALHADORES DO JUDICI\u00c1RIO FEDERAL E MPU NO MARANHAO<\/li>\n<li>SINDICATO DOS TRABALHADORES NA IND\u00daSTRIA DA CONSTRU\u00c7\u00c3O E DO MOBILI\u00c1RIO DE BELEM\/PA<\/li>\n<li>SINDICATO SERVIDORES DA SA\u00daDE DO ESTADO DO RIO GRANDE DO NORTE<\/li>\n<li>SINDICATO DOS TRABALHADORES DA UNIVERSIDADE FEDERAL RURAL\/RJ<\/li>\n<li>SINDICATO DOS MUNICIP\u00c1RIOS DE STA BARBARA DO SUL\/RS<\/li>\n<li>SINDICATO DOS TRABALHADORES EM PROCESSAMENTO DE DADOS NO ESTADO DO RIO GRANDE DO SUL<\/li>\n<li>SINDICATO DOS EMPREGADOS NO COMERCIO DE PASSO FUNDO\/RS<\/li>\n<li>SINDICATO DOS EMPREGADOS NO COMERCIO DE SANTA CRUZ DO SUL<\/li>\n<li>SINDICATO DOS TRABALHADORES NAS IND. DE CIMENTO, CAL, GESSO E CER\u00c2MICA DO MUNIC. DE ARACAJ\u00da\/SE<\/li>\n<li>SINDICATO DOS TRABALHADORES NAS IND\u00daSTRIAS URBANAS DO ESTADO DE GOI\u00c1S<\/li>\n<li>SINDICATO DOS MUNICIPAIS DESTA B\u00c1RBARA, BAR\u00c3O DE COCAIS E CATAS ALTAS (SINDICABASA) MG<\/li>\n<li>SINDICATO DOS SERVIDORES P\u00daBLICOS DE MONTE CARMELO E REGI\u00c3O MG<\/li>\n<li>SERVIDORES P\u00daBLICOS DE SANTA CRUZ MG<\/li>\n<li>SINDCEFET\/MG &#8211; SINDICATO DOS DOCENTES DO CEFET\/MG<\/li>\n<li>SINDICATO DOS TRABALHADORES EM EDUCA\u00c7\u00c3O DA REDE P\u00daBLICA MUNICIPAL DE BH (SINDREDE BH)\/MG<\/li>\n<li>SINDSA\u00daDE &#8211; SUBSEDE CONTAGEM\/MG<\/li>\n<li>SINDICATO DOS SERVIDORES ATIVOS E INATIVOS DE TR\u00caS PONTAS\/MG<\/li>\n<li>SINDICATO DOS TRABALHADORES EM EMPRESAS PESO. PER. INF E CONG DE MG (SINTAPPI)<\/li>\n<li>SINDICATO DOS TRABALHADORES EM SEG SOCIAL, SA\u00daDE, PREV, TRAB E ASS SOCIAL EM MG (SINTSPREV)<\/li>\n<\/ol>\n<p>&nbsp;<\/p>\n<p>CENTRAL SINDICAL E POPULAR<\/p>\n<p>&nbsp;<\/p>\n<ol start=\"35\">\n<li>SINDICATO DOS SERVIDORES P\u00daBLICOS MUNICIPAIS DE BETIM (SINDSERB) MG<\/li>\n<li>SINDICATO DOS TRABALHADORES NAS IND\u00daSTRIAS DE CARNES. DERIV. CONG NO EST. DE MG<\/li>\n<li>FEDERA\u00c7\u00c3O SINDICAL E DEMOCR\u00c1TICA DOS TRABALHADORES METAL\u00daRGICOS DE MINAS GERAIS MG<\/li>\n<li>SINDICATO DOS TRABALHADORES NAS IND\u00daSTRIAS GR\u00c1FICAS DE JORNAIS E REVISTAS NO EST DE MG (STIG)<\/li>\n<li>SINDICATO DOS TRABALHADORES DA SA\u00daDE DE BH E REGI\u00c3O (SINDEESS)\/MG<\/li>\n<li>SINDICATO DOS TRABALHADORES DA SA\u00daDE DE DIVIN\u00d3POLIS\/MG<\/li>\n<li>SINDICATO DOS TRABALHADORES DA SA\u00daDE DE FORMIGA\/MG<\/li>\n<li>SINDICATO DOS TRABALHADORES DA SA\u00daDE DE ITAJUB\u00c1\/MG<\/li>\n<li>SINDICATO DOS METAL\u00daRGICOS E OF. MEC\u00c2NICAS E MAT. EL\u00c9TRICO DE ITA\u00daNA E REGI\u00c3O\/MG<\/li>\n<li>SINDICATO DOS METAL\u00daRGICOS E OF. MEC\u00c2NICAS E MAT. EL\u00c9TRICO DE PIRAPORA\/MG<\/li>\n<li>SINDICATO DOS METAL\u00daRGICOS E OF. MEC\u00c2NICAS E MAT. EL\u00c9TRICO DE S\u00c3O JO\u00c3O DEL REI\/MG<\/li>\n<li>SINDICATO DOS METAL\u00daRGICOS E OF. MEC\u00c2NICAS E MAT. EL\u00c9TRICO DE GOV VALADARES\/MG<\/li>\n<li>SINDICATO DOS METAL\u00daRGICOS E OF. MEC\u00c2NICAS E MAT. EL\u00c9TRICO DE ARAX\u00c1\/MG<\/li>\n<li>SINDICATO DOS METAL\u00daRGICOS E OF. MEC\u00c2NICAS E MAT. EL\u00c9TRICO DE BAR\u00c3O DE COCAIS\/MG<\/li>\n<li>SINDICATO DOS METAL\u00daRGICOS E OF. MEC\u00c2NICAS E MAT. EL\u00c9TRICO DE DIVIN\u00d3POLIS E REG\/MG<\/li>\n<li>SINDICATO DOS METAL\u00daRGICOS E OF. MEC\u00c2NICAS E MAT. EL\u00c9TRICO DE ITABIRA\/MG<\/li>\n<li>SINDICATO DOS METAL\u00daRGICOS E OF. MEC\u00c2NICAS E MAT. EL\u00c9TRICO DE ITAJUB\u00c1 E REG\/MG<\/li>\n<li>SINDICATO DOS METAL\u00daRGICOS E OF. MEC\u00c2NICAS E MAT. EL\u00c9TRICO DE OURO PRETO\/MG<\/li>\n<li>SINDICATO DOS METAL\u00daRGICOS E OF. MEC\u00c2NICAS E MAT. EL\u00c9TRICO DE PATOS MINAS\/MG<\/li>\n<li>SINDICATO DOS METAL\u00daRGICOS E OF. MEC\u00c2NICAS E MAT. EL\u00c9TRICO DE LAMBARI\/MG<\/li>\n<li>SINDICATO DOS METAL\u00daRGICOS E OF. MEC\u00c2NICAS E MAT. EL\u00c9TRICO DE V\u00c1RZEA PALMA\/MG<\/li>\n<li>SINDICATO METABASE ITABIRA\/MG<\/li>\n<li>SINDICATO METABASE INCONFIDENTES\/MG<\/li>\n<li>SINDICATO DOS TRABALHADORES IND\u00daSTRIA CER\u00c2MICAS MONTE CARMELO\/MG<\/li>\n<li>SINDICATO DOS TRABALHADORES T\u00caXTEIS DE S\u00c3O JO\u00c3O DEL REI\/MG<\/li>\n<li>SINDICATO DOS TRABALHADORES T\u00caXTEIS DE PIRAPORA\/MG<\/li>\n<li>SINDICATO DOS TRABALHADORES P\u00daBLICOS MUNICIPAIS DE JACARE\u00cd\/SP<\/li>\n<li>SINDICATO DOS TRABALHADORES DA IND\u00daSTRIA DA CONSTRU\u00c7\u00c3O C\u00cdVIL E DO MOBILI\u00c1RIO\/RR<\/li>\n<li>SINDICATO DOS TRABALHADORES DO SERVI\u00c7O P\u00daBLICO MUNICIPAL DE ALAGOINHAS\/BA<\/li>\n<li>SINDICATO DOS TRABALHADORES NA IND\u00daSTRIA DO PETR\u00d3LEO\/PA, AM, MA, AP<\/li>\n<li>SINDICATO DOS TRABALHADORES NA IND\u00daSTRIA DO PETR\u00d3LEO\/AL, SE<\/li>\n<li>SINDICATO DOS TRABALHADORES DO PODER JUDICI\u00c1RIO FEDERAL\/BA<\/li>\n<li>FEDERACAO DEMOCR\u00c1TICA DOS AGRICULTORES FAMILIARES E EMPREENDEDORES RURAIS\/PE<\/li>\n<li>FEDERA\u00c7\u00c3O DOS EMPREGADOS RURAIS\/PE<\/li>\n<li>SINDICATO INTERMUNICIPAL AGENTES COMUM. SA\u00daDE COMBATE \u00c0S ENDEMIAS DA REG MATO GRANDE\/RN<\/li>\n<li>SINDICATO DOS SERVIDORES P\u00daBLICOS MUNICIPAIS DE ARARIPINA\/PE<\/li>\n<li>SINDICATO DOS SERVIDORES P\u00daBLICOS FEDERAIS EM TRABALHO, SAUDE, PREVID\u00caNCIA\/PR<\/li>\n<li>SINDICATO DOS SERVIDORES P\u00daBLICOS MUNICIPAIS DE CAPELA\/SE<\/li>\n<li>SINDICATO DOS TRABALHADORES EM EDUCA\u00c7\u00c3O MUNICIPAL DE S.J.RIO PRETO\/SP<\/li>\n<li>ADMAP &#8211; ASSOCIA\u00c7\u00c3O DEMOCR\u00c1TICA DOS APOSENTADOS E DO VALE DO PARA\u00cdBA\/SP<\/li>\n<li>MOVIMENTO LUTA POPULAR<\/li>\n<li>MOVIMENTO NACIONAL QUILOMBO RA\u00c7A E CLASSE<\/li>\n<li>MOVIMENTO RESIST\u00caNCIA POPULAR\/DF<\/li>\n<li>MML- MOVIMENTO MULHERES EM LUTA<\/li>\n<\/ol>\n<hr \/>\n<blockquote class=\"wp-embedded-content\" data-secret=\"AQUF8uexF4\"><p><a href=\"https:\/\/www.cstuit.com\/home\/2022\/11\/07\/panama-repudiamos-a-acusacao-penal-contra-priscilla-vazquez-dirigente-da-caixa-de-previdencia-social\/\">Panam\u00e1: Repudiamos a acusa\u00e7\u00e3o penal contra Priscilla V\u00e1zquez, dirigente da Caixa de Previd\u00eancia Social<\/a><\/p><\/blockquote>\n<p><iframe loading=\"lazy\" class=\"wp-embedded-content\" sandbox=\"allow-scripts\" security=\"restricted\" style=\"position: absolute; clip: rect(1px, 1px, 1px, 1px);\" title=\"&#8220;Panam\u00e1: Repudiamos a acusa\u00e7\u00e3o penal contra Priscilla V\u00e1zquez, dirigente da Caixa de Previd\u00eancia Social&#8221; &#8212; CST-UIT\" src=\"https:\/\/www.cstuit.com\/home\/2022\/11\/07\/panama-repudiamos-a-acusacao-penal-contra-priscilla-vazquez-dirigente-da-caixa-de-previdencia-social\/embed\/#?secret=ET9nCy1RNu#?secret=AQUF8uexF4\" data-secret=\"AQUF8uexF4\" width=\"600\" height=\"338\" frameborder=\"0\" marginwidth=\"0\" marginheight=\"0\" scrolling=\"no\"><\/iframe><\/p>\n","protected":false},"excerpt":{"rendered":"<p>N\u00e3o \u00e0 persegui\u00e7\u00e3o aos trabalhadores do Panam\u00e1! N\u00f3s, que assinamos este documento, nos somamos \u00e0 exig\u00eancia de elimina\u00e7\u00e3o do processo penal contra Priscilla V\u00e1squez, presidente da Associa\u00e7\u00e3o de Empregados da Caixa de Previd\u00eancia Social (AECSS) do Panam\u00e1, Rodrigo Soto, secret\u00e1rio-geral da Associa\u00e7\u00e3o Nacional de Trabalhadores<\/p>\n","protected":false},"author":2,"featured_media":9975,"comment_status":"open","ping_status":"open","sticky":false,"template":"","format":"standard","meta":{"footnotes":""},"categories":[17],"tags":[],"class_list":["post-9974","post","type-post","status-publish","format-standard","has-post-thumbnail","hentry","category-sindical"],"_links":{"self":[{"href":"https:\/\/www.cstuit.com\/home\/wp-json\/wp\/v2\/posts\/9974","targetHints":{"allow":["GET"]}}],"collection":[{"href":"https:\/\/www.cstuit.com\/home\/wp-json\/wp\/v2\/posts"}],"about":[{"href":"https:\/\/www.cstuit.com\/home\/wp-json\/wp\/v2\/types\/post"}],"author":[{"embeddable":true,"href":"https:\/\/www.cstuit.com\/home\/wp-json\/wp\/v2\/users\/2"}],"replies":[{"embeddable":true,"href":"https:\/\/www.cstuit.com\/home\/wp-json\/wp\/v2\/comments?post=9974"}],"version-history":[{"count":0,"href":"https:\/\/www.cstuit.com\/home\/wp-json\/wp\/v2\/posts\/9974\/revisions"}],"wp:featuredmedia":[{"embeddable":true,"href":"https:\/\/www.cstuit.com\/home\/wp-json\/wp\/v2\/media\/9975"}],"wp:attachment":[{"href":"https:\/\/www.cstuit.com\/home\/wp-json\/wp\/v2\/media?parent=9974"}],"wp:term":[{"taxonomy":"category","embeddable":true,"href":"https:\/\/www.cstuit.com\/home\/wp-json\/wp\/v2\/categories?post=9974"},{"taxonomy":"post_tag","embeddable":true,"href":"https:\/\/www.cstuit.com\/home\/wp-json\/wp\/v2\/tags?post=9974"}],"curies":[{"name":"wp","href":"https:\/\/api.w.org\/{rel}","templated":true}]}}