

	{"id":9982,"date":"2022-11-21T22:45:16","date_gmt":"2022-11-21T22:45:16","guid":{"rendered":"https:\/\/www.cstuit.com\/home\/?p=9982"},"modified":"2022-11-22T01:45:56","modified_gmt":"2022-11-22T01:45:56","slug":"25n-mulheres-na-vanguarda","status":"publish","type":"post","link":"https:\/\/www.cstuit.com\/home\/2022\/11\/21\/25n-mulheres-na-vanguarda\/","title":{"rendered":"25N: As mulheres na vanguarda contra a viol\u00eancia dos governos capitalistas"},"content":{"rendered":"<p>No dia 25 de novembro de 1960, as irm\u00e3s Minerva, Patria e Mar\u00eda Teresa Mirabal foram brutalmente assassinadas na Rep\u00fablica Dominicana por serem mulheres e por atreverem-se a enfrentar a ditadura de Trujillo. Nessa data, mulheres do mundo todo homenageiam sua luta e saem a lutar contra a viol\u00eancia patriarcal e capitalista que nos assedia e nos mata em todo o mundo.<\/p>\n<p>Do Ir\u00e3, escuta-se um potente grito: \u201c<em>mulher, vida e liberdade<\/em>\u201d. Um grito que enfrenta o regime ditatorial e fundamentalista isl\u00e2mico que h\u00e1 40 anos oprime o povo iraniano, especialmente as mulheres e dissid\u00eancias. A morte da jovem Masha Amini foi um ponto de inflex\u00e3o que evidenciou at\u00e9 onde o governo est\u00e1 disposto a ir com sua viol\u00eancia patriarcal. Em resposta, as mulheres sa\u00edram \u00e0s ruas para exigir justi\u00e7a e o fim da Pol\u00edcia da Moralidade, que imp\u00f5e regras de conduta e vestimenta obrigat\u00f3rias nos espa\u00e7os p\u00fablicos. Com a for\u00e7a da mobiliza\u00e7\u00e3o, as mulheres circulam em via p\u00fablica sem o hijabe e deram in\u00edcio a uma revolta popular contra o regime de Ali Khamenei, que j\u00e1 se estende por v\u00e1rias semanas em todo o pa\u00eds. Trata-se de uma luta contra uma ditadura, com mulheres na vanguarda, da mesma forma que fizeram h\u00e1 62 anos as irm\u00e3s Mirabal: Patria, Minerva e Mar\u00eda Teresa, assassinadas brutalmente pela ditadura de Trujillo, em um dia como hoje.<\/p>\n<p>N\u00f3s, mulheres brasileiras, tamb\u00e9m estivemos na vanguarda da luta, votando massivamente contra o neofascista Bolsonaro, cujo governo imp\u00f4s todo tipo de ataques contra as mulheres e dissid\u00eancias, difundindo discursos de \u00f3dio racistas, homof\u00f3bicos e mis\u00f3ginos. N\u00f3s, feministas, estivemos nas ruas gritando #EleN\u00e3o e #ForaBolsonaro e seguiremos nas ruas tamb\u00e9m para levantar nossas demandas diante do novo governo Lula.<\/p>\n<p>Neste 25N, fortale\u00e7amos a luta em todo o mundo por nossos direitos: por aqueles que faltam conquistar, mas tamb\u00e9m contra os ataques dos governos e dos setores conservadores que buscam nos retirar direitos adquiridos h\u00e1 d\u00e9cadas, como \u00e9 o caso dos Estados Unidos e seu ataque ao direito ao aborto, ou a sa\u00edda do governo da Turquia da Conven\u00e7\u00e3o de Istambul.<\/p>\n<p>Nos declaramos em estado de alerta tamb\u00e9m contra a crescente criminaliza\u00e7\u00e3o das dirigentes sindicais na vanguarda das lutas contra a explora\u00e7\u00e3o capitalista e a opress\u00e3o patriarcal, como \u00e9 o caso da persegui\u00e7\u00e3o sofrida pelas trabalhadoras em greve do Sindicato \u00danico de Trabalhadores de Notimex, no M\u00e9xico, ou a persegui\u00e7\u00e3o e retalia\u00e7\u00e3o a integrantes \u2013 maioria mulheres \u2013 da Associa\u00e7\u00e3o de Trabalhadores da Caixa de Previd\u00eancia Social (AECSS) do Panam\u00e1, sofrendo demiss\u00f5es por estar em greve em defesa de seus direitos trabalhistas ou com a\u00e7\u00f5es penais arbitr\u00e1rias, como nossa companheira Priscilla V\u00e1squez, presidente do sindicato.<\/p>\n<p>Neste 25 de Novembro tamb\u00e9m nos mobilizamos contra a impunidade e encobrimento dos governos que provocaram o recrudescimento da viol\u00eancia feminicida. Denunciamos que esses governos preferiram destinar maiores recursos para as for\u00e7as armadas e para o pagamento de d\u00edvidas externas ao inv\u00e9s de fortalecer a sa\u00fade, educa\u00e7\u00e3o e programas p\u00fablicos que atendam as v\u00edtimas de viol\u00eancia.<\/p>\n<p>Denunciamos a viol\u00eancia patriarcal, racista e xen\u00f3foba do governo de Luis Abinader na Rep\u00fablica Dominicana, que, lembrando as a\u00e7\u00f5es nefastas da ditadura trijullista contra pessoas que lutaram como as Irm\u00e3s Mirabal, pratica uma ca\u00e7a violenta \u00e0 comunidade imigrante haitiana, chegando ao extremo de deportar mulheres gr\u00e1vidas, negar aten\u00e7\u00e3o m\u00e9dica e ordenar o desalojo e deporta\u00e7\u00e3o massiva de comunidades inteiras.<\/p>\n<p>N\u00f3s, mulheres, somos as mais precarizadas, as primeiras a serem demitidas em contextos de crise e sobre n\u00f3s recaem majoritariamente o ajuste que todos os governos capitalistas aplicam contra a classe trabalhadora. Somos as chefes dos lares mais humildes e aquelas que se veem obrigadas a migrar de nossos territ\u00f3rios com nossas filhas e filhos, e, \u00e0s vezes, tendo que nos distanciar de nossas fam\u00edlias. Estamos na vanguarda das lutas contra as demiss\u00f5es, o ajuste, o saque dos recursos naturais e a contamina\u00e7\u00e3o ambiental.<\/p>\n<p>Por tudo isso, neste 25N, dia mundial de luta contra a viol\u00eancia de g\u00eanero, n\u00f3s, da Unidade Internacional de Trabalhadoras e Trabalhadores \u2013 Quarta Internacional (UIT-QI), fazemos um chamado pela organiza\u00e7\u00e3o de a\u00e7\u00f5es contra todos os governos que legitimam a viol\u00eancia patriarcal do sistema capitalista-imperialista que ataca majoritariamente as mulheres e dissid\u00eancias. Saiamos a conquistar cada um de nossos direitos enquanto seguimos lutando por uma sociedade socialista, sem opress\u00e3o e explora\u00e7\u00e3o.<\/p>\n<p>&nbsp;<\/p>\n<p>Nem uma desaparecida, nem uma assassinada a mais!<\/p>\n<p>Basta de impunidade dos governos!<\/p>\n<p>Chega de criminaliza\u00e7\u00e3o das lutadoras!<\/p>\n<p>N\u00e3o ao pagamento das d\u00edvidas externas! A d\u00edvida \u00e9 conosco, n\u00e3o com o FMI! Por maior investimento p\u00fablico em educa\u00e7\u00e3o, sa\u00fade e no combate \u00e0 viol\u00eancia!<\/p>\n<p>Mobilizadas e organizadas contra a viol\u00eancia capitalista, racista e patriarcal!<\/p>\n<p>&nbsp;<\/p>\n<p><strong>Unidade Internacional de Trabalhadoras e Trabalhadores \u2013 Quarta Internacional (UIT-QI), 18 de Novembro de 2022.<\/strong><\/p>\n","protected":false},"excerpt":{"rendered":"<p>No dia 25 de novembro de 1960, as irm\u00e3s Minerva, Patria e Mar\u00eda Teresa Mirabal foram brutalmente assassinadas na Rep\u00fablica Dominicana por serem mulheres e por atreverem-se a enfrentar a ditadura de Trujillo. Nessa data, mulheres do mundo todo homenageiam sua luta e saem a<\/p>\n","protected":false},"author":1,"featured_media":9983,"comment_status":"open","ping_status":"open","sticky":false,"template":"","format":"standard","meta":{"footnotes":""},"categories":[55],"tags":[68,31,57],"class_list":["post-9982","post","type-post","status-publish","format-standard","has-post-thumbnail","hentry","category-mulheres","tag-feminismo","tag-internacional","tag-mulheres"],"_links":{"self":[{"href":"https:\/\/www.cstuit.com\/home\/wp-json\/wp\/v2\/posts\/9982","targetHints":{"allow":["GET"]}}],"collection":[{"href":"https:\/\/www.cstuit.com\/home\/wp-json\/wp\/v2\/posts"}],"about":[{"href":"https:\/\/www.cstuit.com\/home\/wp-json\/wp\/v2\/types\/post"}],"author":[{"embeddable":true,"href":"https:\/\/www.cstuit.com\/home\/wp-json\/wp\/v2\/users\/1"}],"replies":[{"embeddable":true,"href":"https:\/\/www.cstuit.com\/home\/wp-json\/wp\/v2\/comments?post=9982"}],"version-history":[{"count":0,"href":"https:\/\/www.cstuit.com\/home\/wp-json\/wp\/v2\/posts\/9982\/revisions"}],"wp:featuredmedia":[{"embeddable":true,"href":"https:\/\/www.cstuit.com\/home\/wp-json\/wp\/v2\/media\/9983"}],"wp:attachment":[{"href":"https:\/\/www.cstuit.com\/home\/wp-json\/wp\/v2\/media?parent=9982"}],"wp:term":[{"taxonomy":"category","embeddable":true,"href":"https:\/\/www.cstuit.com\/home\/wp-json\/wp\/v2\/categories?post=9982"},{"taxonomy":"post_tag","embeddable":true,"href":"https:\/\/www.cstuit.com\/home\/wp-json\/wp\/v2\/tags?post=9982"}],"curies":[{"name":"wp","href":"https:\/\/api.w.org\/{rel}","templated":true}]}}